{"id":6473,"date":"2024-03-18T19:16:17","date_gmt":"2024-03-19T00:16:17","guid":{"rendered":"https:\/\/luisvaltierranoticias.com\/?p=6473"},"modified":"2024-03-18T19:16:19","modified_gmt":"2024-03-19T00:16:19","slug":"realizaran-curso-habilidades-gerenciales-en-administracion-y-ventas-para-pymes","status":"publish","type":"post","link":"https:\/\/luisvaltierranoticias.com\/?p=6473","title":{"rendered":"Realizaran curso Habilidades Gerenciales en Administraci\u00f3n y Ventas para Pymes\u201d"},"content":{"rendered":"\n<p>Por: Staff | #NuevoLaredo #Tamaulipas<\/p>\n\n\n\n<p>Nuevo Laredo, Tamaulipas.- El Instituto Municipal para el Desarrollo de la Juventud (IMJUVE) brindar\u00e1 el curso \u201cHabilidades Gerenciales en Administraci\u00f3n y Ventas para Pymes\u201d.<\/p>\n\n\n\n<p>Se desarrollar\u00e1n los temas Administraci\u00f3n Eficiente de Negocios, Finanzas, Financiamiento a Peque\u00f1os y Medianos Negocios, Sistema de Ventas para Pymes y Visi\u00f3n de Negocios. Es una capacitaci\u00f3n dirigido a los j\u00f3venes emprendedores locales para que tengan el conocimiento adecuado al momento de iniciar su negocio o impulsarlo quienes ya tienen un negocio establecido.<\/p>\n\n\n\n<p>Es importante que los j\u00f3venes conozcan los programas y herramientas que ofrece la administraci\u00f3n, el curso es impartido por Jaime Mireles de la Cruz, director de Comercio, Empleo y MiPymes. Se efectuar\u00e1 el pr\u00f3ximo jueves 21 de marzo y viernes 22 de marzo, de 9:00 de la ma\u00f1ana a 1:00 de la tarde en las instalaciones del IMJUVE ubicado en Privada Paseo Col\u00f3n 5710.<\/p>\n\n\n\n<p>Para acudir deben registrarse en el siguiente enlace <a href=\"https:\/\/forms.gle\/XfmphiQSUADbfG2A6\">https:\/\/forms.gle\/XfmphiQSUADbfG2A6<\/a> o bien pueden registrarse mediante el 867 712 03 27 extensi\u00f3n 104.<\/p>\n","protected":false},"excerpt":{"rendered":"<p>Por: Staff | #NuevoLaredo #Tamaulipas Nuevo Laredo, Tamaulipas.- El Instituto Municipal para el Desarrollo de la Juventud (IMJUVE) brindar\u00e1 el curso \u201cHabilidades Gerenciales en Administraci\u00f3n y Ventas para Pymes\u201d. Se desarrollar\u00e1n los temas Administraci\u00f3n Eficiente de Negocios, Finanzas, Financiamiento a Peque\u00f1os y Medianos Negocios, Sistema de Ventas para Pymes y Visi\u00f3n de Negocios. Es una [&hellip;]<\/p>\n","protected":false},"author":1,"featured_media":6474,"comment_status":"open","ping_status":"open","sticky":false,"template":"","format":"standard","meta":{"footnotes":""},"categories":[31],"tags":[],"class_list":{"0":"post-6473","1":"post","2":"type-post","3":"status-publish","4":"format-standard","5":"has-post-thumbnail","7":"category-nuevo-laredo"},"amp_enabled":true,"_links":{"self":[{"href":"https:\/\/luisvaltierranoticias.com\/index.php?rest_route=\/wp\/v2\/posts\/6473","targetHints":{"allow":["GET"]}}],"collection":[{"href":"https:\/\/luisvaltierranoticias.com\/index.php?rest_route=\/wp\/v2\/posts"}],"about":[{"href":"https:\/\/luisvaltierranoticias.com\/index.php?rest_route=\/wp\/v2\/types\/post"}],"author":[{"embeddable":true,"href":"https:\/\/luisvaltierranoticias.com\/index.php?rest_route=\/wp\/v2\/users\/1"}],"replies":[{"embeddable":true,"href":"https:\/\/luisvaltierranoticias.com\/index.php?rest_route=%2Fwp%2Fv2%2Fcomments&post=6473"}],"version-history":[{"count":1,"href":"https:\/\/luisvaltierranoticias.com\/index.php?rest_route=\/wp\/v2\/posts\/6473\/revisions"}],"predecessor-version":[{"id":6475,"href":"https:\/\/luisvaltierranoticias.com\/index.php?rest_route=\/wp\/v2\/posts\/6473\/revisions\/6475"}],"wp:featuredmedia":[{"embeddable":true,"href":"https:\/\/luisvaltierranoticias.com\/index.php?rest_route=\/wp\/v2\/media\/6474"}],"wp:attachment":[{"href":"https:\/\/luisvaltierranoticias.com\/index.php?rest_route=%2Fwp%2Fv2%2Fmedia&parent=6473"}],"wp:term":[{"taxonomy":"category","embeddable":true,"href":"https:\/\/luisvaltierranoticias.com\/index.php?rest_route=%2Fwp%2Fv2%2Fcategories&post=6473"},{"taxonomy":"post_tag","embeddable":true,"href":"https:\/\/luisvaltierranoticias.com\/index.php?rest_route=%2Fwp%2Fv2%2Ftags&post=6473"}],"curies":[{"name":"wp","href":"https:\/\/api.w.org\/{rel}","templated":true}]}}