{"id":6432,"date":"2024-03-15T14:45:30","date_gmt":"2024-03-15T19:45:30","guid":{"rendered":"https:\/\/luisvaltierranoticias.com\/?p=6432"},"modified":"2024-03-15T14:45:32","modified_gmt":"2024-03-15T19:45:32","slug":"realizaran-actividades-ludicas-con-tematica-de-pascua","status":"publish","type":"post","link":"https:\/\/luisvaltierranoticias.com\/?p=6432","title":{"rendered":"Realizar\u00e1n actividades l\u00fadicas con tem\u00e1tica de Pascua"},"content":{"rendered":"\n<p>Por: Staff | #NuevoLaredo #Tamaulipas<\/p>\n\n\n\n<p>Nuevo Laredo, Tamaulipas.- A trav\u00e9s de maquinitas creativas se llevar\u00e1 a cabo una actividad llamada \u201cEl Conejo de Pascua\u201d.<\/p>\n\n\n\n<p>Dicha actividad se realizar\u00e1 en la sala infantil de Estaci\u00f3n Palabra \u201cGabriel Garc\u00eda M\u00e1rquez\u201d a las 11:00 de la ma\u00f1ana ubicada en C\u00e9sar L\u00f3pez de Lara 1020, sector Aduana.<\/p>\n\n\n\n<p>Ser\u00e1 este s\u00e1bado 16 de marzo y est\u00e1 dirigido para ni\u00f1os y ni\u00f1as de 3 a\u00f1os de edad en adelante; habr\u00e1 cuenta cuentos y actividades l\u00fadicas<\/p>\n\n\n\n<p>Durante esta actividad elaborar\u00e1n una canasta en la que podr\u00e1n colocar dulces que tendr\u00e1n la oportunidad de encontrar en el and\u00e9n y en el jard\u00edn de los Naranjos; no tiene ning\u00fan costo.<\/p>\n","protected":false},"excerpt":{"rendered":"<p>Por: Staff | #NuevoLaredo #Tamaulipas Nuevo Laredo, Tamaulipas.- A trav\u00e9s de maquinitas creativas se llevar\u00e1 a cabo una actividad llamada \u201cEl Conejo de Pascua\u201d. Dicha actividad se realizar\u00e1 en la sala infantil de Estaci\u00f3n Palabra \u201cGabriel Garc\u00eda M\u00e1rquez\u201d a las 11:00 de la ma\u00f1ana ubicada en C\u00e9sar L\u00f3pez de Lara 1020, sector Aduana. Ser\u00e1 este [&hellip;]<\/p>\n","protected":false},"author":1,"featured_media":6433,"comment_status":"open","ping_status":"open","sticky":false,"template":"","format":"standard","meta":{"footnotes":""},"categories":[31],"tags":[],"class_list":{"0":"post-6432","1":"post","2":"type-post","3":"status-publish","4":"format-standard","5":"has-post-thumbnail","7":"category-nuevo-laredo"},"amp_enabled":true,"_links":{"self":[{"href":"https:\/\/luisvaltierranoticias.com\/index.php?rest_route=\/wp\/v2\/posts\/6432","targetHints":{"allow":["GET"]}}],"collection":[{"href":"https:\/\/luisvaltierranoticias.com\/index.php?rest_route=\/wp\/v2\/posts"}],"about":[{"href":"https:\/\/luisvaltierranoticias.com\/index.php?rest_route=\/wp\/v2\/types\/post"}],"author":[{"embeddable":true,"href":"https:\/\/luisvaltierranoticias.com\/index.php?rest_route=\/wp\/v2\/users\/1"}],"replies":[{"embeddable":true,"href":"https:\/\/luisvaltierranoticias.com\/index.php?rest_route=%2Fwp%2Fv2%2Fcomments&post=6432"}],"version-history":[{"count":1,"href":"https:\/\/luisvaltierranoticias.com\/index.php?rest_route=\/wp\/v2\/posts\/6432\/revisions"}],"predecessor-version":[{"id":6434,"href":"https:\/\/luisvaltierranoticias.com\/index.php?rest_route=\/wp\/v2\/posts\/6432\/revisions\/6434"}],"wp:featuredmedia":[{"embeddable":true,"href":"https:\/\/luisvaltierranoticias.com\/index.php?rest_route=\/wp\/v2\/media\/6433"}],"wp:attachment":[{"href":"https:\/\/luisvaltierranoticias.com\/index.php?rest_route=%2Fwp%2Fv2%2Fmedia&parent=6432"}],"wp:term":[{"taxonomy":"category","embeddable":true,"href":"https:\/\/luisvaltierranoticias.com\/index.php?rest_route=%2Fwp%2Fv2%2Fcategories&post=6432"},{"taxonomy":"post_tag","embeddable":true,"href":"https:\/\/luisvaltierranoticias.com\/index.php?rest_route=%2Fwp%2Fv2%2Ftags&post=6432"}],"curies":[{"name":"wp","href":"https:\/\/api.w.org\/{rel}","templated":true}]}}