{"id":6425,"date":"2024-03-14T13:50:48","date_gmt":"2024-03-14T18:50:48","guid":{"rendered":"https:\/\/luisvaltierranoticias.com\/?p=6425"},"modified":"2024-03-14T13:50:50","modified_gmt":"2024-03-14T18:50:50","slug":"viernes-de-danzon-en-nuevo-laredo","status":"publish","type":"post","link":"https:\/\/luisvaltierranoticias.com\/?p=6425","title":{"rendered":"VIERNES DE DANZ\u00d3N EN NUEVO LAREDO"},"content":{"rendered":"\n<p>Por: Staff | #NuevoLaredo #Tamaulipas<\/p>\n\n\n\n<p>Nuevo Laredo, Tamaulipas.- Este viernes, se llevara a cabo el tradicional \u201cViernes de Danz\u00f3n\u201d en la Plaza Ju\u00e1rez, en un horario de 6:00 de la tarde a 8:00 de la noche.<\/p>\n\n\n\n<p>Uno de los prop\u00f3sitos es deleitar a los visitantes con bailes de diferentes ritmos, tambi\u00e9n se promueve el sano esparcimiento, as\u00ed como la reactivaci\u00f3n de la econom\u00eda del Centro Hist\u00f3rico de Nuevo Laredo.<\/p>\n\n\n\n<p>Adem\u00e1s de revivir los lugares m\u00e1s simb\u00f3licos de la ciudad como lo es la Plaza Ju\u00e1rez, este es un evento dirigido para ni\u00f1os, j\u00f3venes y adultos en el que van a disfrutar de m\u00fasica y baile.<\/p>\n\n\n\n<p>Se llevar\u00e1 a cabo los viernes 15, 22 y 29 de marzo, este ha sido uno de los eventos que m\u00e1s ha disfrutado la ciudadan\u00eda.<\/p>\n","protected":false},"excerpt":{"rendered":"<p>Por: Staff | #NuevoLaredo #Tamaulipas Nuevo Laredo, Tamaulipas.- Este viernes, se llevara a cabo el tradicional \u201cViernes de Danz\u00f3n\u201d en la Plaza Ju\u00e1rez, en un horario de 6:00 de la tarde a 8:00 de la noche. Uno de los prop\u00f3sitos es deleitar a los visitantes con bailes de diferentes ritmos, tambi\u00e9n se promueve el sano [&hellip;]<\/p>\n","protected":false},"author":1,"featured_media":6426,"comment_status":"open","ping_status":"open","sticky":false,"template":"","format":"standard","meta":{"footnotes":""},"categories":[31],"tags":[],"class_list":{"0":"post-6425","1":"post","2":"type-post","3":"status-publish","4":"format-standard","5":"has-post-thumbnail","7":"category-nuevo-laredo"},"amp_enabled":true,"_links":{"self":[{"href":"https:\/\/luisvaltierranoticias.com\/index.php?rest_route=\/wp\/v2\/posts\/6425","targetHints":{"allow":["GET"]}}],"collection":[{"href":"https:\/\/luisvaltierranoticias.com\/index.php?rest_route=\/wp\/v2\/posts"}],"about":[{"href":"https:\/\/luisvaltierranoticias.com\/index.php?rest_route=\/wp\/v2\/types\/post"}],"author":[{"embeddable":true,"href":"https:\/\/luisvaltierranoticias.com\/index.php?rest_route=\/wp\/v2\/users\/1"}],"replies":[{"embeddable":true,"href":"https:\/\/luisvaltierranoticias.com\/index.php?rest_route=%2Fwp%2Fv2%2Fcomments&post=6425"}],"version-history":[{"count":1,"href":"https:\/\/luisvaltierranoticias.com\/index.php?rest_route=\/wp\/v2\/posts\/6425\/revisions"}],"predecessor-version":[{"id":6427,"href":"https:\/\/luisvaltierranoticias.com\/index.php?rest_route=\/wp\/v2\/posts\/6425\/revisions\/6427"}],"wp:featuredmedia":[{"embeddable":true,"href":"https:\/\/luisvaltierranoticias.com\/index.php?rest_route=\/wp\/v2\/media\/6426"}],"wp:attachment":[{"href":"https:\/\/luisvaltierranoticias.com\/index.php?rest_route=%2Fwp%2Fv2%2Fmedia&parent=6425"}],"wp:term":[{"taxonomy":"category","embeddable":true,"href":"https:\/\/luisvaltierranoticias.com\/index.php?rest_route=%2Fwp%2Fv2%2Fcategories&post=6425"},{"taxonomy":"post_tag","embeddable":true,"href":"https:\/\/luisvaltierranoticias.com\/index.php?rest_route=%2Fwp%2Fv2%2Ftags&post=6425"}],"curies":[{"name":"wp","href":"https:\/\/api.w.org\/{rel}","templated":true}]}}