{"id":6172,"date":"2024-02-26T17:03:19","date_gmt":"2024-02-26T23:03:19","guid":{"rendered":"https:\/\/luisvaltierranoticias.com\/?p=6172"},"modified":"2024-02-26T17:03:21","modified_gmt":"2024-02-26T23:03:21","slug":"invita-sistema-dif-a-unirse-a-la-colecta-anual-de-la-cruz-roja","status":"publish","type":"post","link":"https:\/\/luisvaltierranoticias.com\/?p=6172","title":{"rendered":"INVITA SISTEMA DIF A UNIRSE A LA COLECTA ANUAL DE LA CRUZ ROJA"},"content":{"rendered":"\n<p>Por: Staff | #NuevoLaredo #Tamaulipas<\/p>\n\n\n\n<p>En un esfuerzo conjunto por apoyar a la Cruz Roja Mexicana, el Sistema para el Desarrollo Integral de la Familia (DIF) de Nuevo Laredo se sum\u00f3 a la Colecta anual de la Cruz Roja.<\/p>\n\n\n\n<p>Acompa\u00f1ada de las damas voluntarias tanto del DIF como de la Cruz Roja, la presidenta del Sistema, DIF Claudette Canturosas Villarreal encabez\u00f3 un recorrido por las oficinas de la presidencia municipal.<\/p>\n\n\n\n<p>Esta jornada de apoyo se llev\u00f3 a cabo siguiendo la encomienda de la Dra. Mar\u00eda de Villarreal, presidenta del DIF Tamaulipas, quien marc\u00f3 el inicio oficial de la Colecta Anual de la Cruz Roja Mexicana 2024 en nuestro estado, bajo el lema &#8220;Todos somos h\u00e9roes&#8221;<\/p>\n\n\n\n<p>La colecta que busca unir a la comunidad en un esfuerzo solidario se lleva a cabo este a\u00f1o del 21 de febrero al 31 de mayo.<\/p>\n","protected":false},"excerpt":{"rendered":"<p>Por: Staff | #NuevoLaredo #Tamaulipas En un esfuerzo conjunto por apoyar a la Cruz Roja Mexicana, el Sistema para el Desarrollo Integral de la Familia (DIF) de Nuevo Laredo se sum\u00f3 a la Colecta anual de la Cruz Roja. Acompa\u00f1ada de las damas voluntarias tanto del DIF como de la Cruz Roja, la presidenta del [&hellip;]<\/p>\n","protected":false},"author":1,"featured_media":6173,"comment_status":"open","ping_status":"open","sticky":false,"template":"","format":"standard","meta":{"footnotes":""},"categories":[31],"tags":[],"class_list":{"0":"post-6172","1":"post","2":"type-post","3":"status-publish","4":"format-standard","5":"has-post-thumbnail","7":"category-nuevo-laredo"},"amp_enabled":true,"_links":{"self":[{"href":"https:\/\/luisvaltierranoticias.com\/index.php?rest_route=\/wp\/v2\/posts\/6172","targetHints":{"allow":["GET"]}}],"collection":[{"href":"https:\/\/luisvaltierranoticias.com\/index.php?rest_route=\/wp\/v2\/posts"}],"about":[{"href":"https:\/\/luisvaltierranoticias.com\/index.php?rest_route=\/wp\/v2\/types\/post"}],"author":[{"embeddable":true,"href":"https:\/\/luisvaltierranoticias.com\/index.php?rest_route=\/wp\/v2\/users\/1"}],"replies":[{"embeddable":true,"href":"https:\/\/luisvaltierranoticias.com\/index.php?rest_route=%2Fwp%2Fv2%2Fcomments&post=6172"}],"version-history":[{"count":1,"href":"https:\/\/luisvaltierranoticias.com\/index.php?rest_route=\/wp\/v2\/posts\/6172\/revisions"}],"predecessor-version":[{"id":6174,"href":"https:\/\/luisvaltierranoticias.com\/index.php?rest_route=\/wp\/v2\/posts\/6172\/revisions\/6174"}],"wp:featuredmedia":[{"embeddable":true,"href":"https:\/\/luisvaltierranoticias.com\/index.php?rest_route=\/wp\/v2\/media\/6173"}],"wp:attachment":[{"href":"https:\/\/luisvaltierranoticias.com\/index.php?rest_route=%2Fwp%2Fv2%2Fmedia&parent=6172"}],"wp:term":[{"taxonomy":"category","embeddable":true,"href":"https:\/\/luisvaltierranoticias.com\/index.php?rest_route=%2Fwp%2Fv2%2Fcategories&post=6172"},{"taxonomy":"post_tag","embeddable":true,"href":"https:\/\/luisvaltierranoticias.com\/index.php?rest_route=%2Fwp%2Fv2%2Ftags&post=6172"}],"curies":[{"name":"wp","href":"https:\/\/api.w.org\/{rel}","templated":true}]}}