{"id":6163,"date":"2024-02-26T13:50:35","date_gmt":"2024-02-26T19:50:35","guid":{"rendered":"https:\/\/luisvaltierranoticias.com\/?p=6163"},"modified":"2024-02-26T13:50:37","modified_gmt":"2024-02-26T19:50:37","slug":"responden-ciudadanos-a-sexta-feria-de-adopcion-canina-y-felina-del-gobierno-municipal","status":"publish","type":"post","link":"https:\/\/luisvaltierranoticias.com\/?p=6163","title":{"rendered":"RESPONDEN CIUDADANOS A SEXTA FERIA DE ADOPCI\u00d3N CANINA Y FELINA DEL GOBIERNO MUNICIPAL"},"content":{"rendered":"\n<p>Por: Staff | #NuevoLaredo #Tamaulipas<\/p>\n\n\n\n<p>Con la finalidad de brindar un hogar a 25 animales rescatados, el Gobierno Municipal por medio de la Jefatura de Salud Animal, llev\u00f3 a cabo la sexta edici\u00f3n de la feria de adopci\u00f3n canina y felina.<\/p>\n\n\n\n<p>Los animales en adopci\u00f3n ya se encontraban vacunados, esterilizados y desparasitados con lo que les aseguran una mejor calidad de vida.<\/p>\n\n\n\n<p>La jefa de Salud Animal, Mar\u00eda Fernanda Carmona Cavazos, destac\u00f3 que para asegurar una vida plena y saludable a las mascotas adoptadas, a los interesados se les realiza una entrevista para determinar si el hogar es apto para el animal en cuesti\u00f3n.<\/p>\n\n\n\n<p>\u201cQueremos asegurar una adopci\u00f3n responsable por parte de la ciudadan\u00eda porque los animales que tenemos en adopci\u00f3n son perros y gatos rescatados, mascotas que no han tenido una familia que los cuide y por esta campa\u00f1a les damos una segunda oportunidad de recibir amor por parte de las personas\u201d, manifest\u00f3.<\/p>\n\n\n\n<p>Indic\u00f3 que el seguimiento es a trav\u00e9s de WhatssApp, medio por el cual se solicitan fotograf\u00edas de las mascotas y en caso de no responder, se procede a enviar un inspector al domicilio de los due\u00f1os para tener certidumbre del estado de la mascota.<\/p>\n\n\n\n<p>Por su parte, Frida Yamil Nava, ciudadana que adopt\u00f3 a dos mascotas, mencion\u00f3 que en su familia deseaban tener animales de compa\u00f1\u00eda en casa.<\/p>\n\n\n\n<p>\u201cEste tipo de eventos son lindos, por nuestra parte tuvimos una conexi\u00f3n inmediata con los perros que elegimos y sabemos que ya son parte de nuestra familia\u201d, expres\u00f3.<\/p>\n\n\n\n<p>Durante la feria de adopci\u00f3n tambi\u00e9n se aplicaron de forma gratuita vacunas antirr\u00e1bicas, mismas que fueron aprovechadas por quienes paseaban a sus mascotas en la plaza.<\/p>\n\n\n\n<p>La funcionaria anunci\u00f3 que pr\u00f3ximamente dar\u00e1n a conocer una nueva edici\u00f3n de la campa\u00f1a de esterilizaci\u00f3n gratuita e invit\u00f3 a la ciudadan\u00eda a estar pendientes de las redes sociales de COMUSA Nuevo Laredo para m\u00e1s informaci\u00f3n.<\/p>\n","protected":false},"excerpt":{"rendered":"<p>Por: Staff | #NuevoLaredo #Tamaulipas Con la finalidad de brindar un hogar a 25 animales rescatados, el Gobierno Municipal por medio de la Jefatura de Salud Animal, llev\u00f3 a cabo la sexta edici\u00f3n de la feria de adopci\u00f3n canina y felina. Los animales en adopci\u00f3n ya se encontraban vacunados, esterilizados y desparasitados con lo que [&hellip;]<\/p>\n","protected":false},"author":1,"featured_media":6164,"comment_status":"open","ping_status":"open","sticky":false,"template":"","format":"standard","meta":{"footnotes":""},"categories":[31],"tags":[],"class_list":{"0":"post-6163","1":"post","2":"type-post","3":"status-publish","4":"format-standard","5":"has-post-thumbnail","7":"category-nuevo-laredo"},"amp_enabled":true,"_links":{"self":[{"href":"https:\/\/luisvaltierranoticias.com\/index.php?rest_route=\/wp\/v2\/posts\/6163","targetHints":{"allow":["GET"]}}],"collection":[{"href":"https:\/\/luisvaltierranoticias.com\/index.php?rest_route=\/wp\/v2\/posts"}],"about":[{"href":"https:\/\/luisvaltierranoticias.com\/index.php?rest_route=\/wp\/v2\/types\/post"}],"author":[{"embeddable":true,"href":"https:\/\/luisvaltierranoticias.com\/index.php?rest_route=\/wp\/v2\/users\/1"}],"replies":[{"embeddable":true,"href":"https:\/\/luisvaltierranoticias.com\/index.php?rest_route=%2Fwp%2Fv2%2Fcomments&post=6163"}],"version-history":[{"count":1,"href":"https:\/\/luisvaltierranoticias.com\/index.php?rest_route=\/wp\/v2\/posts\/6163\/revisions"}],"predecessor-version":[{"id":6165,"href":"https:\/\/luisvaltierranoticias.com\/index.php?rest_route=\/wp\/v2\/posts\/6163\/revisions\/6165"}],"wp:featuredmedia":[{"embeddable":true,"href":"https:\/\/luisvaltierranoticias.com\/index.php?rest_route=\/wp\/v2\/media\/6164"}],"wp:attachment":[{"href":"https:\/\/luisvaltierranoticias.com\/index.php?rest_route=%2Fwp%2Fv2%2Fmedia&parent=6163"}],"wp:term":[{"taxonomy":"category","embeddable":true,"href":"https:\/\/luisvaltierranoticias.com\/index.php?rest_route=%2Fwp%2Fv2%2Fcategories&post=6163"},{"taxonomy":"post_tag","embeddable":true,"href":"https:\/\/luisvaltierranoticias.com\/index.php?rest_route=%2Fwp%2Fv2%2Ftags&post=6163"}],"curies":[{"name":"wp","href":"https:\/\/api.w.org\/{rel}","templated":true}]}}