{"id":5816,"date":"2024-02-13T13:19:18","date_gmt":"2024-02-13T19:19:18","guid":{"rendered":"https:\/\/luisvaltierranoticias.com\/?p=5816"},"modified":"2024-02-13T13:19:25","modified_gmt":"2024-02-13T19:19:25","slug":"inmujer-invita-a-participar-en-la-convocatoria-para-la-exposicion-fotografica-mujeres-y-oficios","status":"publish","type":"post","link":"https:\/\/luisvaltierranoticias.com\/?p=5816","title":{"rendered":"INMUJER INVITA A PARTICIPAR EN LA CONVOCATORIA PARA LA EXPOSICI\u00d3N FOTOGR\u00c1FICA \u201cMUJERES Y OFICIOS\u201d"},"content":{"rendered":"\n<p>Por: Staff | #NuevoLaredo #Tamaulipas<\/p>\n\n\n\n<p>El Instituto Municipal de la Mujer de Nuevo Laredo, invita a las mujeres neolaredenses a participar en la exposici\u00f3n fotogr\u00e1fica \u201cMujeres y Oficios\u201d, un espacio para destacar a las mujeres en el sector productivo.<\/p>\n\n\n\n<p>Esta actividad se realizar\u00e1 con motivo del D\u00eda Internacional de la Mujer que se conmemora el pr\u00f3ximo 8 de marzo, el registro y las bases completas de la convocatoria se pueden consultar en el siguiente enlace: https:\/\/forms.gle\/8pGgREFXq1BZtJui7.<\/p>\n\n\n\n<p>La invitaci\u00f3n a participar es para mujeres mayores de 18 a\u00f1os que vivan en Nuevo Laredo, no importando que no tengan conocimiento de fotograf\u00eda o equipo fotogr\u00e1fico profesional.<\/p>\n\n\n\n<p>De acuerdo a la convocatoria, las interesadas podr\u00e1n enviar 1 fotograf\u00eda, la cual puede tomarse con cualquier tipo de equipo, ya sea celular o c\u00e1mara fotogr\u00e1fica an\u00e1loga y\/o digital.<\/p>\n\n\n\n<p>Dicha foto debe documentar la presencia laboral de las mujeres que desarrollan sus actividades econ\u00f3micas en Nuevo Laredo, evitando estereotipos que vinculan a la mujer s\u00f3lo con trabajos del hogar o de cuidados no remunerados; ya que se trata de un ejercicio para reconocer sus derechos.<\/p>\n\n\n\n<p>Las im\u00e1genes deben ser in\u00e9ditas, \u00fanicas y originales, deben ser propiedad de quien las presente en el concurso, sin retoque digital, producidas en los a\u00f1os 2023 y 2024. Adem\u00e1s, los aspectos t\u00e9cnicos que deben cumplir son: Archivo original, 300 dpi de resoluci\u00f3n, sin candado, formato JPG, hasta 10 MB de peso del archivo.<\/p>\n\n\n\n<p>La convocatoria est\u00e1 abierta hasta el 16 de febrero, una vez completado el registro y recibidas las propuestas, estas ser\u00e1n sujetas a un proceso de evaluaci\u00f3n por parte del Jurado Calificador, quien seleccionar\u00e1 15 fotograf\u00edas para formar parte de la Exposici\u00f3n \u201cMujeres y Oficios\u201d, la cual ser\u00e1 exhibida de manera p\u00fablica en los jardines de presidencia y que ser\u00e1 itinerante durante el resto del a\u00f1o.<\/p>\n\n\n\n<p>De acuerdo a las bases, las personas integrantes del jurado valorar\u00e1n las fotograf\u00edas, tomando en consideraci\u00f3n los siguientes criterios: Originalidad, creatividad, impacto visual, impacto social y la relevancia tem\u00e1tica.<\/p>\n\n\n\n<p>Cada participante al momento de registrar su participaci\u00f3n, deber\u00e1 adjuntar al formulario de registro una carta de autor\u00eda y permiso para el uso de la fotograf\u00eda participante y consentimiento de la persona retratada para poder utilizar y publicar su imagen. En caso de que la fotograf\u00eda contenga el retrato de una persona menor a 18 a\u00f1os de edad, deber\u00e1n ser los padres, madres o tutores quienes otorguen dicho consentimiento.<\/p>\n\n\n\n<p>Una vez seleccionadas las fotograf\u00edas, se dar\u00e1 a conocer los resultados el d\u00eda 26 de febrero, a trav\u00e9s de una llamada telef\u00f3nica o correo electr\u00f3nico a las mujeres de las cuales resulten seleccionadas las fotograf\u00edas para la exposici\u00f3n.<\/p>\n","protected":false},"excerpt":{"rendered":"<p>Por: Staff | #NuevoLaredo #Tamaulipas El Instituto Municipal de la Mujer de Nuevo Laredo, invita a las mujeres neolaredenses a participar en la exposici\u00f3n fotogr\u00e1fica \u201cMujeres y Oficios\u201d, un espacio para destacar a las mujeres en el sector productivo. Esta actividad se realizar\u00e1 con motivo del D\u00eda Internacional de la Mujer que se conmemora el [&hellip;]<\/p>\n","protected":false},"author":1,"featured_media":5817,"comment_status":"open","ping_status":"open","sticky":false,"template":"","format":"standard","meta":{"footnotes":""},"categories":[31],"tags":[],"class_list":{"0":"post-5816","1":"post","2":"type-post","3":"status-publish","4":"format-standard","5":"has-post-thumbnail","7":"category-nuevo-laredo"},"amp_enabled":true,"_links":{"self":[{"href":"https:\/\/luisvaltierranoticias.com\/index.php?rest_route=\/wp\/v2\/posts\/5816","targetHints":{"allow":["GET"]}}],"collection":[{"href":"https:\/\/luisvaltierranoticias.com\/index.php?rest_route=\/wp\/v2\/posts"}],"about":[{"href":"https:\/\/luisvaltierranoticias.com\/index.php?rest_route=\/wp\/v2\/types\/post"}],"author":[{"embeddable":true,"href":"https:\/\/luisvaltierranoticias.com\/index.php?rest_route=\/wp\/v2\/users\/1"}],"replies":[{"embeddable":true,"href":"https:\/\/luisvaltierranoticias.com\/index.php?rest_route=%2Fwp%2Fv2%2Fcomments&post=5816"}],"version-history":[{"count":1,"href":"https:\/\/luisvaltierranoticias.com\/index.php?rest_route=\/wp\/v2\/posts\/5816\/revisions"}],"predecessor-version":[{"id":5818,"href":"https:\/\/luisvaltierranoticias.com\/index.php?rest_route=\/wp\/v2\/posts\/5816\/revisions\/5818"}],"wp:featuredmedia":[{"embeddable":true,"href":"https:\/\/luisvaltierranoticias.com\/index.php?rest_route=\/wp\/v2\/media\/5817"}],"wp:attachment":[{"href":"https:\/\/luisvaltierranoticias.com\/index.php?rest_route=%2Fwp%2Fv2%2Fmedia&parent=5816"}],"wp:term":[{"taxonomy":"category","embeddable":true,"href":"https:\/\/luisvaltierranoticias.com\/index.php?rest_route=%2Fwp%2Fv2%2Fcategories&post=5816"},{"taxonomy":"post_tag","embeddable":true,"href":"https:\/\/luisvaltierranoticias.com\/index.php?rest_route=%2Fwp%2Fv2%2Ftags&post=5816"}],"curies":[{"name":"wp","href":"https:\/\/api.w.org\/{rel}","templated":true}]}}