{"id":5339,"date":"2024-01-24T15:22:28","date_gmt":"2024-01-24T21:22:28","guid":{"rendered":"https:\/\/luisvaltierranoticias.com\/?p=5339"},"modified":"2024-01-24T15:22:30","modified_gmt":"2024-01-24T21:22:30","slug":"imjuve-lleva-brigada-contacto-joven-a-estudiantes-del-poniente-de-la-ciudad","status":"publish","type":"post","link":"https:\/\/luisvaltierranoticias.com\/?p=5339","title":{"rendered":"IMJUVE LLEVA BRIGADA \u201cCONTACTO JOVEN\u201d A ESTUDIANTES DEL PONIENTE DE LA CIUDAD"},"content":{"rendered":"\n<p>Por: Staff | #NuevoLaredo #Tamaulipas<\/p>\n\n\n\n<p>La brigada \u201cContacto Joven\u201d se traslad\u00f3 a la Secundaria T\u00e9cnica 95 \u201cManuel de Jes\u00fas Clouthier del Rinc\u00f3n\u201d en Villas de San Miguel en la que 640 estudiantes recibieron diferentes atenciones y servicios.<\/p>\n\n\n\n<p>A trav\u00e9s del Instituto Municipal para el Desarrollo de la Juventud (IMJUVE), se otorg\u00f3 atenci\u00f3n psicol\u00f3gica, pl\u00e1ticas de salud sexual y reproductiva, atenci\u00f3n nutricional y servicios de salud.<\/p>\n\n\n\n<p>\u201cDe esta manera se atiende a los j\u00f3venes acudiendo a los lugares donde mayormente se concentra una gran cantidad de alumnos y llevando todo lo que les genera un inter\u00e9s\u201d, mencion\u00f3 Jes\u00fas Espinoza Hern\u00e1ndez, director del IMJUVE.<\/p>\n\n\n\n<p>Indic\u00f3 que la alcaldesa Carmen Lilia Canturosas Villarreal ha instruido acercar todos los servicios a la juventud neolaredense para que no se tengan que trasladar al centro de la ciudad.<\/p>\n\n\n\n<p>Adem\u00e1s, se instalaron m\u00f3dulos de dependencias municipales como Medio Ambiente, quienes explicaron a los alumnos sobre la importancia de reciclar en casa, ventajas de clasificar los residuos, materiales que se pueden reciclar y los pasos para hacerlo.<\/p>\n\n\n\n<p>Por parte de Instituto Municipal para la Prevenci\u00f3n de Adicciones, Conductas y Tendencias Antisociales (IMPACTA), se entregaron folletos sobre las atenciones que realizan como orientaci\u00f3n psicol\u00f3gica gratuita, orientaciones psicol\u00f3gicas familiares, mesas de di\u00e1logo en instituciones educativas para promover la prevenci\u00f3n, entre otras.<\/p>\n\n\n\n<p>Tambi\u00e9n estuvieron presentes, personal de la direcci\u00f3n de Cultura F\u00edsica y Deportes; Arte y Cultura y del Museo de Historia Natural.<\/p>\n","protected":false},"excerpt":{"rendered":"<p>Por: Staff | #NuevoLaredo #Tamaulipas La brigada \u201cContacto Joven\u201d se traslad\u00f3 a la Secundaria T\u00e9cnica 95 \u201cManuel de Jes\u00fas Clouthier del Rinc\u00f3n\u201d en Villas de San Miguel en la que 640 estudiantes recibieron diferentes atenciones y servicios. A trav\u00e9s del Instituto Municipal para el Desarrollo de la Juventud (IMJUVE), se otorg\u00f3 atenci\u00f3n psicol\u00f3gica, pl\u00e1ticas de [&hellip;]<\/p>\n","protected":false},"author":1,"featured_media":5340,"comment_status":"open","ping_status":"open","sticky":false,"template":"","format":"standard","meta":{"footnotes":""},"categories":[31],"tags":[],"class_list":{"0":"post-5339","1":"post","2":"type-post","3":"status-publish","4":"format-standard","5":"has-post-thumbnail","7":"category-nuevo-laredo"},"amp_enabled":true,"_links":{"self":[{"href":"https:\/\/luisvaltierranoticias.com\/index.php?rest_route=\/wp\/v2\/posts\/5339","targetHints":{"allow":["GET"]}}],"collection":[{"href":"https:\/\/luisvaltierranoticias.com\/index.php?rest_route=\/wp\/v2\/posts"}],"about":[{"href":"https:\/\/luisvaltierranoticias.com\/index.php?rest_route=\/wp\/v2\/types\/post"}],"author":[{"embeddable":true,"href":"https:\/\/luisvaltierranoticias.com\/index.php?rest_route=\/wp\/v2\/users\/1"}],"replies":[{"embeddable":true,"href":"https:\/\/luisvaltierranoticias.com\/index.php?rest_route=%2Fwp%2Fv2%2Fcomments&post=5339"}],"version-history":[{"count":1,"href":"https:\/\/luisvaltierranoticias.com\/index.php?rest_route=\/wp\/v2\/posts\/5339\/revisions"}],"predecessor-version":[{"id":5341,"href":"https:\/\/luisvaltierranoticias.com\/index.php?rest_route=\/wp\/v2\/posts\/5339\/revisions\/5341"}],"wp:featuredmedia":[{"embeddable":true,"href":"https:\/\/luisvaltierranoticias.com\/index.php?rest_route=\/wp\/v2\/media\/5340"}],"wp:attachment":[{"href":"https:\/\/luisvaltierranoticias.com\/index.php?rest_route=%2Fwp%2Fv2%2Fmedia&parent=5339"}],"wp:term":[{"taxonomy":"category","embeddable":true,"href":"https:\/\/luisvaltierranoticias.com\/index.php?rest_route=%2Fwp%2Fv2%2Fcategories&post=5339"},{"taxonomy":"post_tag","embeddable":true,"href":"https:\/\/luisvaltierranoticias.com\/index.php?rest_route=%2Fwp%2Fv2%2Ftags&post=5339"}],"curies":[{"name":"wp","href":"https:\/\/api.w.org\/{rel}","templated":true}]}}