{"id":5336,"date":"2024-01-24T14:19:29","date_gmt":"2024-01-24T20:19:29","guid":{"rendered":"https:\/\/luisvaltierranoticias.com\/?p=5336"},"modified":"2024-01-24T14:19:31","modified_gmt":"2024-01-24T20:19:31","slug":"gobierno-municipal-invita-a-padres-de-familia-a-registrar-a-sus-hijos-al-programa-de-apoyo-integral","status":"publish","type":"post","link":"https:\/\/luisvaltierranoticias.com\/?p=5336","title":{"rendered":"GOBIERNO MUNICIPAL INVITA A PADRES DE FAMILIA A REGISTRAR A SUS HIJOS AL PROGRAMA DE APOYO INTEGRAL"},"content":{"rendered":"\n<p>Por: Staff | #NuevoLaredo #Tamaulipas<\/p>\n\n\n\n<p>El Gobierno Municipal hace un llamado a los padres de familia a aprovechar los \u00faltimos d\u00edas para registrar a sus hijos al programa \u201cApoyo Integral, Educativo y Emocional\u201d, que ayuda a fortalecer su desarrollo acad\u00e9mico.<\/p>\n\n\n\n<p>El curso est\u00e1 dirigido a ni\u00f1os de 6 a 12 a\u00f1os con dificultades en el \u00e1rea acad\u00e9mica y psicol\u00f3gica por lo que se brindan materias como espa\u00f1ol, matem\u00e1ticas, lecto-escritura, adem\u00e1s de psicolog\u00eda enfocados en el \u00e1rea emocional y conductual.<\/p>\n\n\n\n<p>Los interesados tienen hasta el 25 de enero para registrar a los menores en las diferentes sedes que son las siguientes: turno matutino, escuelas Rita del Valle Garc\u00eda, Guadalupe Victoria, Revoluci\u00f3n, Juan B. Tijerina, Antonio V\u00e9lez Castro y Fundadores.<\/p>\n\n\n\n<p>Mientras que en el turno vespertino son: centros comunitarios San Mauricio, Campo Real, Nueva Victoria, Solidaridad, Villas de San Miguel; Casa de la Cultura Palmares; y las bibliotecas Rub\u00e9n Miranda y Octavio Paz.<\/p>\n\n\n\n<p>Para mayor informaci\u00f3n pueden llamar al n\u00famero de tel\u00e9fono 867 711 35 05 extensi\u00f3n 3463.<\/p>\n\n\n\n<p>Los requisitos son dos copias de los siguientes documentos: acta de nacimiento, CURP, boleta del \u00faltimo grado escolar, credencial de elector del padre, madre o tutor y del comprobante de domicilio.<\/p>\n","protected":false},"excerpt":{"rendered":"<p>Por: Staff | #NuevoLaredo #Tamaulipas El Gobierno Municipal hace un llamado a los padres de familia a aprovechar los \u00faltimos d\u00edas para registrar a sus hijos al programa \u201cApoyo Integral, Educativo y Emocional\u201d, que ayuda a fortalecer su desarrollo acad\u00e9mico. El curso est\u00e1 dirigido a ni\u00f1os de 6 a 12 a\u00f1os con dificultades en el [&hellip;]<\/p>\n","protected":false},"author":1,"featured_media":5337,"comment_status":"open","ping_status":"open","sticky":false,"template":"","format":"standard","meta":{"footnotes":""},"categories":[31],"tags":[],"class_list":{"0":"post-5336","1":"post","2":"type-post","3":"status-publish","4":"format-standard","5":"has-post-thumbnail","7":"category-nuevo-laredo"},"amp_enabled":true,"_links":{"self":[{"href":"https:\/\/luisvaltierranoticias.com\/index.php?rest_route=\/wp\/v2\/posts\/5336","targetHints":{"allow":["GET"]}}],"collection":[{"href":"https:\/\/luisvaltierranoticias.com\/index.php?rest_route=\/wp\/v2\/posts"}],"about":[{"href":"https:\/\/luisvaltierranoticias.com\/index.php?rest_route=\/wp\/v2\/types\/post"}],"author":[{"embeddable":true,"href":"https:\/\/luisvaltierranoticias.com\/index.php?rest_route=\/wp\/v2\/users\/1"}],"replies":[{"embeddable":true,"href":"https:\/\/luisvaltierranoticias.com\/index.php?rest_route=%2Fwp%2Fv2%2Fcomments&post=5336"}],"version-history":[{"count":1,"href":"https:\/\/luisvaltierranoticias.com\/index.php?rest_route=\/wp\/v2\/posts\/5336\/revisions"}],"predecessor-version":[{"id":5338,"href":"https:\/\/luisvaltierranoticias.com\/index.php?rest_route=\/wp\/v2\/posts\/5336\/revisions\/5338"}],"wp:featuredmedia":[{"embeddable":true,"href":"https:\/\/luisvaltierranoticias.com\/index.php?rest_route=\/wp\/v2\/media\/5337"}],"wp:attachment":[{"href":"https:\/\/luisvaltierranoticias.com\/index.php?rest_route=%2Fwp%2Fv2%2Fmedia&parent=5336"}],"wp:term":[{"taxonomy":"category","embeddable":true,"href":"https:\/\/luisvaltierranoticias.com\/index.php?rest_route=%2Fwp%2Fv2%2Fcategories&post=5336"},{"taxonomy":"post_tag","embeddable":true,"href":"https:\/\/luisvaltierranoticias.com\/index.php?rest_route=%2Fwp%2Fv2%2Ftags&post=5336"}],"curies":[{"name":"wp","href":"https:\/\/api.w.org\/{rel}","templated":true}]}}