{"id":3715,"date":"2023-11-24T21:18:40","date_gmt":"2023-11-25T03:18:40","guid":{"rendered":"https:\/\/luisvaltierranoticias.com\/?p=3715"},"modified":"2023-11-24T21:18:42","modified_gmt":"2023-11-25T03:18:42","slug":"implementa-gobierno-municipal-carril-de-transito-local-por-temporada-decembrina","status":"publish","type":"post","link":"https:\/\/luisvaltierranoticias.com\/?p=3715","title":{"rendered":"IMPLEMENTA GOBIERNO MUNICIPAL CARRIL DE TR\u00c1NSITO LOCAL POR TEMPORADA DECEMBRINA"},"content":{"rendered":"\n<p>Por: Staff<\/p>\n\n\n\n<p>Con la finalidad de brindar un acceso seguro y r\u00e1pido a los neolaredenses y laredenses, el Gobierno Municipal a trav\u00e9s de la Direcci\u00f3n de Tr\u00e1nsito y Vialidad (DTYV) implement\u00f3 un carril de tr\u00e1nsito local para llegar al Puente Internacional II Ju\u00e1rez-Lincoln.<\/p>\n\n\n\n<p>El carril para locales inicia sobre la calle Santo Degollado a la altura de Dr. Mier hasta Nicol\u00e1s Bravo, donde se deber\u00e1 girar hacia la derecha y avanzar hasta la 20 de Noviembre, despu\u00e9s turnar hacia la izquierda e incorporarse al bulevar Luis Donaldo Colosio.<\/p>\n\n\n\n<p>El director de DTYV, Armando de la Torre Toledo, destac\u00f3 que por indicaciones de la alcaldesa Carmen Lilia Canturosas Villarreal, se destinaron ocho elementos operativos para dar seguridad vial a los automovilistas que transiten por dicho carril y mantener un orden ante el inicio de la temporada de Paisanos.<\/p>\n\n\n\n<p>&#8220;Los oficiales estar\u00e1n al pendiente en todos los horarios y durante todo el periodo de esta estrategia que implementamos como parte del operativo H\u00e9roe Paisano, vamos asegurar que se respete esta vialidad y prevenir situaciones&#8221;, apunt\u00f3.<\/p>\n\n\n\n<p>El funcionario inform\u00f3 que el carril tendr\u00e1 vigilancia desde las 6:00 AM hasta las 8:00 PM para evitar caos vial, ya que adem\u00e1s de la llegada de paisanos, se espera la llegada de turistas del interior del pa\u00eds que viajan a Estados Unidos.<\/p>\n\n\n\n<p>En a\u00f1os anteriores ya se ha utilizado esta misma ruta para facilitar el acceso al Puente Internacional, sin embargo en el lugar permanecer\u00e1n oficiales de tr\u00e1nsito para orientar a los automovilistas.<\/p>\n","protected":false},"excerpt":{"rendered":"<p>Por: Staff Con la finalidad de brindar un acceso seguro y r\u00e1pido a los neolaredenses y laredenses, el Gobierno Municipal a trav\u00e9s de la Direcci\u00f3n de Tr\u00e1nsito y Vialidad (DTYV) implement\u00f3 un carril de tr\u00e1nsito local para llegar al Puente Internacional II Ju\u00e1rez-Lincoln. El carril para locales inicia sobre la calle Santo Degollado a la [&hellip;]<\/p>\n","protected":false},"author":1,"featured_media":3716,"comment_status":"open","ping_status":"open","sticky":false,"template":"","format":"standard","meta":{"footnotes":""},"categories":[31],"tags":[],"class_list":{"0":"post-3715","1":"post","2":"type-post","3":"status-publish","4":"format-standard","5":"has-post-thumbnail","7":"category-nuevo-laredo"},"amp_enabled":true,"_links":{"self":[{"href":"https:\/\/luisvaltierranoticias.com\/index.php?rest_route=\/wp\/v2\/posts\/3715","targetHints":{"allow":["GET"]}}],"collection":[{"href":"https:\/\/luisvaltierranoticias.com\/index.php?rest_route=\/wp\/v2\/posts"}],"about":[{"href":"https:\/\/luisvaltierranoticias.com\/index.php?rest_route=\/wp\/v2\/types\/post"}],"author":[{"embeddable":true,"href":"https:\/\/luisvaltierranoticias.com\/index.php?rest_route=\/wp\/v2\/users\/1"}],"replies":[{"embeddable":true,"href":"https:\/\/luisvaltierranoticias.com\/index.php?rest_route=%2Fwp%2Fv2%2Fcomments&post=3715"}],"version-history":[{"count":1,"href":"https:\/\/luisvaltierranoticias.com\/index.php?rest_route=\/wp\/v2\/posts\/3715\/revisions"}],"predecessor-version":[{"id":3717,"href":"https:\/\/luisvaltierranoticias.com\/index.php?rest_route=\/wp\/v2\/posts\/3715\/revisions\/3717"}],"wp:featuredmedia":[{"embeddable":true,"href":"https:\/\/luisvaltierranoticias.com\/index.php?rest_route=\/wp\/v2\/media\/3716"}],"wp:attachment":[{"href":"https:\/\/luisvaltierranoticias.com\/index.php?rest_route=%2Fwp%2Fv2%2Fmedia&parent=3715"}],"wp:term":[{"taxonomy":"category","embeddable":true,"href":"https:\/\/luisvaltierranoticias.com\/index.php?rest_route=%2Fwp%2Fv2%2Fcategories&post=3715"},{"taxonomy":"post_tag","embeddable":true,"href":"https:\/\/luisvaltierranoticias.com\/index.php?rest_route=%2Fwp%2Fv2%2Ftags&post=3715"}],"curies":[{"name":"wp","href":"https:\/\/api.w.org\/{rel}","templated":true}]}}