{"id":3041,"date":"2023-11-02T14:33:01","date_gmt":"2023-11-02T19:33:01","guid":{"rendered":"https:\/\/luisvaltierranoticias.com\/?p=3041"},"modified":"2023-11-02T14:33:03","modified_gmt":"2023-11-02T19:33:03","slug":"destacan-neolaredenses-impulso-de-tradiciones-con-festival-internacional-de-la-catrina-2023","status":"publish","type":"post","link":"https:\/\/luisvaltierranoticias.com\/?p=3041","title":{"rendered":"DESTACAN NEOLAREDENSES IMPULSO DE TRADICIONES CON \u201cFESTIVAL INTERNACIONAL DE LA CATRINA 2023\u201d"},"content":{"rendered":"\n<p>Por: Staff | #NuevoLaredo #Tamaulipas<\/p>\n\n\n\n<p>Un espect\u00e1culo de primer nivel vivieron los neolaredenses que asistieron al \u201cFestival Internacional de la Catrina 2023\u201d, por el \u201cD\u00eda de Muertos\u201d realizado en la Explanada Independencia.<\/p>\n\n\n\n<p>Como parte de este evento se llev\u00f3 a cabo el ritual \u201cXocotl\u201d que fusion\u00f3 la danza a\u00e9rea, el arte circense, la danza contempor\u00e1nea y mojigangas por parte del grupo Circo El\u00e9ktrico.<\/p>\n\n\n\n<p>\u201cYo creo que no se deben perder las tradiciones, cada a\u00f1o desde que se hace este festival estoy aqu\u00ed y me encanta, hay que resaltar el folclor de M\u00e9xico, su cultura, me encantan las catrinas son como un s\u00edmbolo de nuestro pa\u00eds\u201d, opin\u00f3 Alejandra Arellano, ciudadana.<\/p>\n\n\n\n<p>Por su parte, Laura Rodr\u00edguez S\u00e1nchez, agradeci\u00f3 a la alcaldesa Carmen Lilia Canturosas Villarreal por impulsar eventos en los que se promuevan las fechas m\u00e1s representativas del pa\u00eds.<\/p>\n\n\n\n<p>\u201cEst\u00e1n muy bien estos eventos, esto nos distrae bastante a parte ver a los ni\u00f1os y adolescentes que aprendan la cultura de M\u00e9xico, est\u00e1 muy bien lo que est\u00e1 haciendo la presidenta Carmen Lilia que est\u00e1 motivando a todo Nuevo Laredo, le agradecemos mucho\u201d, manifest\u00f3 Rodr\u00edguez S\u00e1nchez.<\/p>\n\n\n\n<p>Entre ni\u00f1os y adultos caracterizados de catrinas, altares de muertos y el olor a los tradicionales tamales, se enaltecieron las costumbres mexicanas para recordar a las personas que partieron de esta tierra.<\/p>\n\n\n\n<p>\u201cMe parece muy bien que se promueva la cultura, sobre todo la uni\u00f3n aqu\u00ed entre las personas que habitamos la ciudad, hay personas de todas las edades, veo muchos ni\u00f1os y ni\u00f1as muy contentas\u201d, dijo Mar\u00eda Rodr\u00edguez Palacios, ciudadana.<\/p>\n\n\n\n<p>En este evento se realiz\u00f3 el concurso de Catrinas en el que particip\u00f3 la ciudadana Reyna Bautista, quien con entusiasmo se dedic\u00f3 a dise\u00f1ar su vestimenta; mencion\u00f3 que desde el 2021 se ha promovido m\u00e1s la celebraci\u00f3n del D\u00eda de Muertos.<\/p>\n\n\n\n<p>\u201cDesde que entr\u00f3 este gobierno ha impulsado bastante esta tradici\u00f3n, es asombroso ver a los ni\u00f1os, se est\u00e1 haciendo un gran trabajo, muchas gracias alcaldesa Carmen Lilia, en serio esto es muy bonito\u201d, indic\u00f3 Reyna Bautista.<\/p>\n\n\n\n<p>Durante el \u201cFestival Internacional de la Catrina\u201d, tambi\u00e9n hubo concursos del \u201cMejor Tamal\u201d y \u201cAltar de Muertos\u201d, de los cuales fueron premiados los m\u00e1s destacados por parte de autoridades municipales.<\/p>\n\n\n\n<p>La ciudadan\u00eda tambi\u00e9n disfrut\u00f3 del talento local con las cantantes Jesse Galv\u00e1n, Gissela V\u00e1zquez y Yamileth Sotelo; y los grupos de danza folcl\u00f3rica: \u201cCoatlicue\u201d, \u201cMextli\u201d, \u201cTeocalli\u201d, \u201cTamaholipa\u201d; y de danza urbana \u201c180 Grados\u201d.<\/p>\n","protected":false},"excerpt":{"rendered":"<p>Por: Staff | #NuevoLaredo #Tamaulipas Un espect\u00e1culo de primer nivel vivieron los neolaredenses que asistieron al \u201cFestival Internacional de la Catrina 2023\u201d, por el \u201cD\u00eda de Muertos\u201d realizado en la Explanada Independencia. Como parte de este evento se llev\u00f3 a cabo el ritual \u201cXocotl\u201d que fusion\u00f3 la danza a\u00e9rea, el arte circense, la danza contempor\u00e1nea [&hellip;]<\/p>\n","protected":false},"author":1,"featured_media":3042,"comment_status":"open","ping_status":"open","sticky":false,"template":"","format":"standard","meta":{"footnotes":""},"categories":[31],"tags":[],"class_list":{"0":"post-3041","1":"post","2":"type-post","3":"status-publish","4":"format-standard","5":"has-post-thumbnail","7":"category-nuevo-laredo"},"amp_enabled":true,"_links":{"self":[{"href":"https:\/\/luisvaltierranoticias.com\/index.php?rest_route=\/wp\/v2\/posts\/3041","targetHints":{"allow":["GET"]}}],"collection":[{"href":"https:\/\/luisvaltierranoticias.com\/index.php?rest_route=\/wp\/v2\/posts"}],"about":[{"href":"https:\/\/luisvaltierranoticias.com\/index.php?rest_route=\/wp\/v2\/types\/post"}],"author":[{"embeddable":true,"href":"https:\/\/luisvaltierranoticias.com\/index.php?rest_route=\/wp\/v2\/users\/1"}],"replies":[{"embeddable":true,"href":"https:\/\/luisvaltierranoticias.com\/index.php?rest_route=%2Fwp%2Fv2%2Fcomments&post=3041"}],"version-history":[{"count":1,"href":"https:\/\/luisvaltierranoticias.com\/index.php?rest_route=\/wp\/v2\/posts\/3041\/revisions"}],"predecessor-version":[{"id":3043,"href":"https:\/\/luisvaltierranoticias.com\/index.php?rest_route=\/wp\/v2\/posts\/3041\/revisions\/3043"}],"wp:featuredmedia":[{"embeddable":true,"href":"https:\/\/luisvaltierranoticias.com\/index.php?rest_route=\/wp\/v2\/media\/3042"}],"wp:attachment":[{"href":"https:\/\/luisvaltierranoticias.com\/index.php?rest_route=%2Fwp%2Fv2%2Fmedia&parent=3041"}],"wp:term":[{"taxonomy":"category","embeddable":true,"href":"https:\/\/luisvaltierranoticias.com\/index.php?rest_route=%2Fwp%2Fv2%2Fcategories&post=3041"},{"taxonomy":"post_tag","embeddable":true,"href":"https:\/\/luisvaltierranoticias.com\/index.php?rest_route=%2Fwp%2Fv2%2Ftags&post=3041"}],"curies":[{"name":"wp","href":"https:\/\/api.w.org\/{rel}","templated":true}]}}