{"id":2998,"date":"2023-11-01T14:24:33","date_gmt":"2023-11-01T19:24:33","guid":{"rendered":"https:\/\/luisvaltierranoticias.com\/?p=2998"},"modified":"2023-11-01T14:24:35","modified_gmt":"2023-11-01T19:24:35","slug":"informa-set-suspension-de-clases-el-jueves-2-y-viernes-3-de-noviembre","status":"publish","type":"post","link":"https:\/\/luisvaltierranoticias.com\/?p=2998","title":{"rendered":"Informa SET suspensi\u00f3n de clases el jueves 2 y viernes 3 de noviembre"},"content":{"rendered":"\n<p>-Dicha medida se enmarca en el impulso a la visi\u00f3n humanista del gobernador, Am\u00e9rico Villarreal Anaya, de reconocer y promover el respeto a los valores y tradiciones mexicanas y a una educaci\u00f3n integral<\/p>\n\n\n\n<p>Por: Agencias<\/p>\n\n\n\n<p>Ciudad Victoria, Tamaulipas. En congruencia con la visi\u00f3n humanista impulsada por el gobernador de Tamaulipas, Am\u00e9rico Villarreal Anaya, y con el objeto de reconocer e impulsar la educaci\u00f3n integral a trav\u00e9s de los aprendizajes significativos en el conocimiento y respeto a las tradiciones mexicanas y en la integraci\u00f3n de las familias, la Secretar\u00eda de Educaci\u00f3n de Tamaulipas informa a la comunidad educativa y la sociedad tamaulipeca la suspensi\u00f3n de clases el viernes 3 de noviembre del presente a\u00f1o, adicional al 2 de noviembre marcado por el calendario escolar como d\u00eda no laborable, dejando sin aplicaci\u00f3n el oficio circular SET\/OSE\/978\/2023 enviado el 27 de octubre del presente a\u00f1o.<\/p>\n\n\n\n<p>Se solicita a las y los directivos de los planteles educativos p\u00fablicos informar a las madres, padres y\/o tutores de las comunidades escolares que no habr\u00e1 clases los d\u00edas 2 y 3 de noviembre del presente a\u00f1o.<\/p>\n","protected":false},"excerpt":{"rendered":"<p>-Dicha medida se enmarca en el impulso a la visi\u00f3n humanista del gobernador, Am\u00e9rico Villarreal Anaya, de reconocer y promover el respeto a los valores y tradiciones mexicanas y a una educaci\u00f3n integral Por: Agencias Ciudad Victoria, Tamaulipas. En congruencia con la visi\u00f3n humanista impulsada por el gobernador de Tamaulipas, Am\u00e9rico Villarreal Anaya, y con [&hellip;]<\/p>\n","protected":false},"author":1,"featured_media":2999,"comment_status":"open","ping_status":"open","sticky":false,"template":"","format":"standard","meta":{"footnotes":""},"categories":[53],"tags":[],"class_list":{"0":"post-2998","1":"post","2":"type-post","3":"status-publish","4":"format-standard","5":"has-post-thumbnail","7":"category-tamaulipas"},"amp_enabled":true,"_links":{"self":[{"href":"https:\/\/luisvaltierranoticias.com\/index.php?rest_route=\/wp\/v2\/posts\/2998","targetHints":{"allow":["GET"]}}],"collection":[{"href":"https:\/\/luisvaltierranoticias.com\/index.php?rest_route=\/wp\/v2\/posts"}],"about":[{"href":"https:\/\/luisvaltierranoticias.com\/index.php?rest_route=\/wp\/v2\/types\/post"}],"author":[{"embeddable":true,"href":"https:\/\/luisvaltierranoticias.com\/index.php?rest_route=\/wp\/v2\/users\/1"}],"replies":[{"embeddable":true,"href":"https:\/\/luisvaltierranoticias.com\/index.php?rest_route=%2Fwp%2Fv2%2Fcomments&post=2998"}],"version-history":[{"count":1,"href":"https:\/\/luisvaltierranoticias.com\/index.php?rest_route=\/wp\/v2\/posts\/2998\/revisions"}],"predecessor-version":[{"id":3000,"href":"https:\/\/luisvaltierranoticias.com\/index.php?rest_route=\/wp\/v2\/posts\/2998\/revisions\/3000"}],"wp:featuredmedia":[{"embeddable":true,"href":"https:\/\/luisvaltierranoticias.com\/index.php?rest_route=\/wp\/v2\/media\/2999"}],"wp:attachment":[{"href":"https:\/\/luisvaltierranoticias.com\/index.php?rest_route=%2Fwp%2Fv2%2Fmedia&parent=2998"}],"wp:term":[{"taxonomy":"category","embeddable":true,"href":"https:\/\/luisvaltierranoticias.com\/index.php?rest_route=%2Fwp%2Fv2%2Fcategories&post=2998"},{"taxonomy":"post_tag","embeddable":true,"href":"https:\/\/luisvaltierranoticias.com\/index.php?rest_route=%2Fwp%2Fv2%2Ftags&post=2998"}],"curies":[{"name":"wp","href":"https:\/\/api.w.org\/{rel}","templated":true}]}}