{"id":2994,"date":"2023-11-01T14:08:03","date_gmt":"2023-11-01T19:08:03","guid":{"rendered":"https:\/\/luisvaltierranoticias.com\/?p=2994"},"modified":"2023-11-01T14:08:05","modified_gmt":"2023-11-01T19:08:05","slug":"instalan-gobierno-municipal-de-diaz-ordaz-y-sedena-centro-de-acopio-para-apoyar-a-guerrerenses","status":"publish","type":"post","link":"https:\/\/luisvaltierranoticias.com\/?p=2994","title":{"rendered":"INSTALAN GOBIERNO MUNICIPAL DE D\u00cdAZ ORDAZ Y SEDENA CENTRO DE ACOPIO PARA APOYAR A GUERRERENSES"},"content":{"rendered":"\n<p>Por: Staff | #DiazOrdaz #Tamaulipas<\/p>\n\n\n\n<p>Gustavo D\u00edaz Ordaz, Tam.- En solidaridad con las hermanas y hermanos guerrerenses que resultaron afectados por el hurac\u00e1n OTIS, el gobierno municipal 2021-2024 que preside Nataly Garc\u00eda D\u00edaz, en coordinaci\u00f3n con el Ejercito Mexicano se instal\u00f3 un centro de acopio para reunir alimentos no perecederos, comida enlatada, agua embotellada, alimentos para bebes, art\u00edculos de limpieza y de higiene personal que ser\u00e1n enviados al estado de Guerrero.<\/p>\n\n\n\n<p>El centro de acopio se ubica en las instalaciones de Protecci\u00f3n Civil en el 1123 de la Avenida Hidalgo, donde se reciben las donaciones en un horario de las 8:00 a.m. a las 7:00 p.m.<\/p>\n\n\n\n<p>Seamos solidarios con nuestros hermanos afectados por el fen\u00f3meno natural y apoyemos esta noble causa emprendida por nuestras autoridades.<\/p>\n","protected":false},"excerpt":{"rendered":"<p>Por: Staff | #DiazOrdaz #Tamaulipas Gustavo D\u00edaz Ordaz, Tam.- En solidaridad con las hermanas y hermanos guerrerenses que resultaron afectados por el hurac\u00e1n OTIS, el gobierno municipal 2021-2024 que preside Nataly Garc\u00eda D\u00edaz, en coordinaci\u00f3n con el Ejercito Mexicano se instal\u00f3 un centro de acopio para reunir alimentos no perecederos, comida enlatada, agua embotellada, alimentos [&hellip;]<\/p>\n","protected":false},"author":1,"featured_media":2995,"comment_status":"open","ping_status":"open","sticky":false,"template":"","format":"standard","meta":{"footnotes":""},"categories":[53],"tags":[],"class_list":{"0":"post-2994","1":"post","2":"type-post","3":"status-publish","4":"format-standard","5":"has-post-thumbnail","7":"category-tamaulipas"},"amp_enabled":true,"_links":{"self":[{"href":"https:\/\/luisvaltierranoticias.com\/index.php?rest_route=\/wp\/v2\/posts\/2994","targetHints":{"allow":["GET"]}}],"collection":[{"href":"https:\/\/luisvaltierranoticias.com\/index.php?rest_route=\/wp\/v2\/posts"}],"about":[{"href":"https:\/\/luisvaltierranoticias.com\/index.php?rest_route=\/wp\/v2\/types\/post"}],"author":[{"embeddable":true,"href":"https:\/\/luisvaltierranoticias.com\/index.php?rest_route=\/wp\/v2\/users\/1"}],"replies":[{"embeddable":true,"href":"https:\/\/luisvaltierranoticias.com\/index.php?rest_route=%2Fwp%2Fv2%2Fcomments&post=2994"}],"version-history":[{"count":1,"href":"https:\/\/luisvaltierranoticias.com\/index.php?rest_route=\/wp\/v2\/posts\/2994\/revisions"}],"predecessor-version":[{"id":2996,"href":"https:\/\/luisvaltierranoticias.com\/index.php?rest_route=\/wp\/v2\/posts\/2994\/revisions\/2996"}],"wp:featuredmedia":[{"embeddable":true,"href":"https:\/\/luisvaltierranoticias.com\/index.php?rest_route=\/wp\/v2\/media\/2995"}],"wp:attachment":[{"href":"https:\/\/luisvaltierranoticias.com\/index.php?rest_route=%2Fwp%2Fv2%2Fmedia&parent=2994"}],"wp:term":[{"taxonomy":"category","embeddable":true,"href":"https:\/\/luisvaltierranoticias.com\/index.php?rest_route=%2Fwp%2Fv2%2Fcategories&post=2994"},{"taxonomy":"post_tag","embeddable":true,"href":"https:\/\/luisvaltierranoticias.com\/index.php?rest_route=%2Fwp%2Fv2%2Ftags&post=2994"}],"curies":[{"name":"wp","href":"https:\/\/api.w.org\/{rel}","templated":true}]}}