{"id":2985,"date":"2023-11-01T13:36:34","date_gmt":"2023-11-01T18:36:34","guid":{"rendered":"https:\/\/luisvaltierranoticias.com\/?p=2985"},"modified":"2023-11-01T13:36:35","modified_gmt":"2023-11-01T18:36:35","slug":"frena-juez-vicefiscalias-anticorrupcion-creadas-por-el-congreso","status":"publish","type":"post","link":"https:\/\/luisvaltierranoticias.com\/?p=2985","title":{"rendered":"Frena juez Vicefiscal\u00edas Anticorrupci\u00f3n creadas por el Congreso."},"content":{"rendered":"\n<p>El juez de distrito Juan Fernando Alvarado L\u00f3pez, af\u00edn al ex gobernador Cabeza de Vaca respondi\u00f3 a nuevo recurso de Fiscal Anticorrupci\u00f3n<\/p>\n\n\n\n<p>Por: Agencias<\/p>\n\n\n\n<p>CIUDAD VICTORIA, Tamaulipas.- En evidente acto de protecci\u00f3n al Fiscal Especializado en Combate a la Corrupci\u00f3n, Ra\u00fal Ram\u00edrez Casta\u00f1eda, el juez de distrito Juan Fernando Alvarado L\u00f3pez, af\u00edn al ex gobernador Cabeza de Vaca concedi\u00f3 de manera inveros\u00edmil una nueva suspensi\u00f3n a efecto de que no se le aplique al quejoso la reforma recientemente aprobada por el Congreso de Tamaulipas, mediante la cual se crearon las Vicefiscal\u00edas Anticorrupci\u00f3n, dependientes de la Fiscal\u00eda General del Estado.<\/p>\n\n\n\n<p>Este hecho inusitado implica la paralizaci\u00f3n del propio Poder Legislativo estatal, pues bajo este razonamiento, el Congreso Local no podr\u00eda modificar las normas de la instituci\u00f3n pues, a juicio del juzgador, se vulneran los derechos de Ram\u00edrez Casta\u00f1eda.<\/p>\n\n\n\n<p>Cabe se\u00f1alar que en el mes de octubre del a\u00f1o en curso el Congreso del Estado determin\u00f3 separar temporalmente de su cargo a Ram\u00edrez Casta\u00f1eda, al iniciar en su contra un procedimiento de remoci\u00f3n debido a la falta del cumplimiento de los requisitos fundamentales para ejercer el cargo, espec\u00edficamente, la no acreditaci\u00f3n de las evaluaciones de control y confianza.<\/p>\n\n\n\n<p>Sin embargo, una resoluci\u00f3n del juez Alvarado L\u00f3pez permiti\u00f3 a Ram\u00edrez Casta\u00f1eda reincorporarse a sus funciones, a partir de lo cual ha incurrido en violencia laboral, tratos crueles y denigrantes en contra de los propios trabajadores de la citada fiscal\u00eda.<\/p>\n\n\n\n<p>Al entrar en vigor la reformada Ley Org\u00e1nica de la Fiscal\u00eda General de Justicia del Estado, del pasado 24 de octubre, Ram\u00edrez Casta\u00f1eda nuevamente acudi\u00f3 ante el juez de distrito Alvarado L\u00f3pez, se\u00f1alando como acto reclamado la reforma antes citada, argumentando que se restringen y se limitan sus funciones, recibiendo respuesta favorable a su improcedente petici\u00f3n.<\/p>\n\n\n\n<p>Es de mencionarse que la Ley de Amparo dispone que es improcedente el juicio constitucional contra actos inherentes a los nombramientos que en ejercicio de su soberan\u00eda correspondan a los congresos locales.<\/p>\n","protected":false},"excerpt":{"rendered":"<p>El juez de distrito Juan Fernando Alvarado L\u00f3pez, af\u00edn al ex gobernador Cabeza de Vaca respondi\u00f3 a nuevo recurso de Fiscal Anticorrupci\u00f3n Por: Agencias CIUDAD VICTORIA, Tamaulipas.- En evidente acto de protecci\u00f3n al Fiscal Especializado en Combate a la Corrupci\u00f3n, Ra\u00fal Ram\u00edrez Casta\u00f1eda, el juez de distrito Juan Fernando Alvarado L\u00f3pez, af\u00edn al ex gobernador [&hellip;]<\/p>\n","protected":false},"author":1,"featured_media":2986,"comment_status":"open","ping_status":"open","sticky":false,"template":"","format":"standard","meta":{"footnotes":""},"categories":[53],"tags":[],"class_list":{"0":"post-2985","1":"post","2":"type-post","3":"status-publish","4":"format-standard","5":"has-post-thumbnail","7":"category-tamaulipas"},"amp_enabled":true,"_links":{"self":[{"href":"https:\/\/luisvaltierranoticias.com\/index.php?rest_route=\/wp\/v2\/posts\/2985","targetHints":{"allow":["GET"]}}],"collection":[{"href":"https:\/\/luisvaltierranoticias.com\/index.php?rest_route=\/wp\/v2\/posts"}],"about":[{"href":"https:\/\/luisvaltierranoticias.com\/index.php?rest_route=\/wp\/v2\/types\/post"}],"author":[{"embeddable":true,"href":"https:\/\/luisvaltierranoticias.com\/index.php?rest_route=\/wp\/v2\/users\/1"}],"replies":[{"embeddable":true,"href":"https:\/\/luisvaltierranoticias.com\/index.php?rest_route=%2Fwp%2Fv2%2Fcomments&post=2985"}],"version-history":[{"count":1,"href":"https:\/\/luisvaltierranoticias.com\/index.php?rest_route=\/wp\/v2\/posts\/2985\/revisions"}],"predecessor-version":[{"id":2987,"href":"https:\/\/luisvaltierranoticias.com\/index.php?rest_route=\/wp\/v2\/posts\/2985\/revisions\/2987"}],"wp:featuredmedia":[{"embeddable":true,"href":"https:\/\/luisvaltierranoticias.com\/index.php?rest_route=\/wp\/v2\/media\/2986"}],"wp:attachment":[{"href":"https:\/\/luisvaltierranoticias.com\/index.php?rest_route=%2Fwp%2Fv2%2Fmedia&parent=2985"}],"wp:term":[{"taxonomy":"category","embeddable":true,"href":"https:\/\/luisvaltierranoticias.com\/index.php?rest_route=%2Fwp%2Fv2%2Fcategories&post=2985"},{"taxonomy":"post_tag","embeddable":true,"href":"https:\/\/luisvaltierranoticias.com\/index.php?rest_route=%2Fwp%2Fv2%2Ftags&post=2985"}],"curies":[{"name":"wp","href":"https:\/\/api.w.org\/{rel}","templated":true}]}}