{"id":2982,"date":"2023-10-31T22:51:32","date_gmt":"2023-11-01T03:51:32","guid":{"rendered":"https:\/\/luisvaltierranoticias.com\/?p=2982"},"modified":"2023-10-31T22:51:34","modified_gmt":"2023-11-01T03:51:34","slug":"brinda-sebien-apoyo-solidario-a-los-afectados-por-el-huracan-otis-en-guerrero","status":"publish","type":"post","link":"https:\/\/luisvaltierranoticias.com\/?p=2982","title":{"rendered":"Brinda SEBIEN apoyo solidario a los afectados por el hurac\u00e1n Otis en Guerrero"},"content":{"rendered":"\n<p>-Uniendo esfuerzos para asistir a quienes m\u00e1s lo necesitan<\/p>\n\n\n\n<p>Por: Agencias<\/p>\n\n\n\n<p>Ciudad Victoria, Tamaulipas.-La Secretar\u00eda de Bienestar Social de Tamaulipas, en colaboraci\u00f3n con la Secretar\u00eda T\u00e9cnica y la Subsecretar\u00eda de Derechos Humanos y Articulaci\u00f3n Social, se unieron en una labor humanitaria brindando apoyo a los damnificados por el reciente hurac\u00e1n Otis, en el estado de Guerrero.<\/p>\n\n\n\n<p>Se reunieron alimentos no perecederos, art\u00edculos de higiene personal y otros productos esenciales para ofrecer asistencia a las comunidades afectadas por este desastre natural los cuales se entregar\u00e1n al DIF Tamaulipas, quien ser\u00e1 el encargado de hacerlos llegar al puerto de Acapulco para su distribuci\u00f3n.<\/p>\n\n\n\n<p>Ver\u00f3nica Aguirre de Los Santos, secretaria de Bienestar Social, enfatiz\u00f3 la importancia de la solidaridad en tiempos de adversidad.<\/p>\n\n\n\n<p>&#8220;Nuestra prioridad en la SEBIEN es mostrar empat\u00eda y brindar apoyo a las comunidades en tiempos dif\u00edciles&#8221;, afirm\u00f3.<\/p>\n\n\n\n<p>Por otro lado, la subsecretaria de Bienestar Social, Dania Itzel Rodr\u00edguez Zamarr\u00f3n, destac\u00f3 la relevancia de la colaboraci\u00f3n en momentos cr\u00edticos.<\/p>\n\n\n\n<p>&#8220;Es gracias al esfuerzo de todos los involucrados en Bienestar Social que hemos podido asistir a las personas afectadas por este desastre natural&#8221;.<\/p>\n\n\n\n<p>Norma Paola Mata Esparza, responsable de la Secretar\u00eda T\u00e9cnica, agradeci\u00f3 el trabajo de Ver\u00f3nica Aguirre y destac\u00f3 la labor que permiti\u00f3 reunir y distribuir alimentos y suministros a las comunidades afectadas.<\/p>\n","protected":false},"excerpt":{"rendered":"<p>-Uniendo esfuerzos para asistir a quienes m\u00e1s lo necesitan Por: Agencias Ciudad Victoria, Tamaulipas.-La Secretar\u00eda de Bienestar Social de Tamaulipas, en colaboraci\u00f3n con la Secretar\u00eda T\u00e9cnica y la Subsecretar\u00eda de Derechos Humanos y Articulaci\u00f3n Social, se unieron en una labor humanitaria brindando apoyo a los damnificados por el reciente hurac\u00e1n Otis, en el estado de [&hellip;]<\/p>\n","protected":false},"author":1,"featured_media":2983,"comment_status":"open","ping_status":"open","sticky":false,"template":"","format":"standard","meta":{"footnotes":""},"categories":[53],"tags":[],"class_list":{"0":"post-2982","1":"post","2":"type-post","3":"status-publish","4":"format-standard","5":"has-post-thumbnail","7":"category-tamaulipas"},"amp_enabled":true,"_links":{"self":[{"href":"https:\/\/luisvaltierranoticias.com\/index.php?rest_route=\/wp\/v2\/posts\/2982","targetHints":{"allow":["GET"]}}],"collection":[{"href":"https:\/\/luisvaltierranoticias.com\/index.php?rest_route=\/wp\/v2\/posts"}],"about":[{"href":"https:\/\/luisvaltierranoticias.com\/index.php?rest_route=\/wp\/v2\/types\/post"}],"author":[{"embeddable":true,"href":"https:\/\/luisvaltierranoticias.com\/index.php?rest_route=\/wp\/v2\/users\/1"}],"replies":[{"embeddable":true,"href":"https:\/\/luisvaltierranoticias.com\/index.php?rest_route=%2Fwp%2Fv2%2Fcomments&post=2982"}],"version-history":[{"count":1,"href":"https:\/\/luisvaltierranoticias.com\/index.php?rest_route=\/wp\/v2\/posts\/2982\/revisions"}],"predecessor-version":[{"id":2984,"href":"https:\/\/luisvaltierranoticias.com\/index.php?rest_route=\/wp\/v2\/posts\/2982\/revisions\/2984"}],"wp:featuredmedia":[{"embeddable":true,"href":"https:\/\/luisvaltierranoticias.com\/index.php?rest_route=\/wp\/v2\/media\/2983"}],"wp:attachment":[{"href":"https:\/\/luisvaltierranoticias.com\/index.php?rest_route=%2Fwp%2Fv2%2Fmedia&parent=2982"}],"wp:term":[{"taxonomy":"category","embeddable":true,"href":"https:\/\/luisvaltierranoticias.com\/index.php?rest_route=%2Fwp%2Fv2%2Fcategories&post=2982"},{"taxonomy":"post_tag","embeddable":true,"href":"https:\/\/luisvaltierranoticias.com\/index.php?rest_route=%2Fwp%2Fv2%2Ftags&post=2982"}],"curies":[{"name":"wp","href":"https:\/\/api.w.org\/{rel}","templated":true}]}}