{"id":2979,"date":"2023-10-31T18:26:22","date_gmt":"2023-10-31T23:26:22","guid":{"rendered":"https:\/\/luisvaltierranoticias.com\/?p=2979"},"modified":"2023-10-31T18:26:24","modified_gmt":"2023-10-31T23:26:24","slug":"tamaulipas-avanza-en-preparativos-para-el-programa-heroes-paisanos-invierno-2023","status":"publish","type":"post","link":"https:\/\/luisvaltierranoticias.com\/?p=2979","title":{"rendered":"Tamaulipas avanza en preparativos para el programa \u201cH\u00e9roes Paisanos Invierno 2023\u201d"},"content":{"rendered":"\n<p>Por: Agencias<\/p>\n\n\n\n<p>Nuevo Laredo, Tamaulipas.- El Gobierno de Tamaulipas, en seguimiento a la encomienda del gobernador Am\u00e9rico Villarreal Anaya, llev\u00f3 a cabo la reuni\u00f3n preparatoria para el arranque del programa \u201cH\u00e9roes Paisanos Invierno 2023\u201d, que se realizar\u00e1 del 29 de noviembre 2023 al 8 de enero de 2024.<\/p>\n\n\n\n<p>La reuni\u00f3n celebrada en la ciudad de Nuevo Laredo, estuvo presidida por el secretario general de Gobierno, H\u00e9ctor Joel Villegas Gonz\u00e1lez y la alcaldesa de Nuevo Laredo, Carmen Lilia Canturosas Villarreal.<\/p>\n\n\n\n<p>Durante la reuni\u00f3n, las autoridades participantes revisaron los detalles del operativo que se implementar\u00e1 para brindar seguridad y atenci\u00f3n a los paisanos que visiten Tamaulipas durante la temporada invernal.<\/p>\n\n\n\n<p>El secretario general de Gobierno, H\u00e9ctor Joel Villegas Gonz\u00e1lez, destac\u00f3 que el programa \u201cH\u00e9roes Paisanos\u201d es una muestra de la voluntad y el trabajo coordinado de los gobiernos federal, estatal y municipal para garantizar la seguridad y el bienestar de los connacionales que regresan a M\u00e9xico.<\/p>\n\n\n\n<p>\u201cCon voluntad y trabajo coordinado, Tamaulipas avanza brindando la seguridad en el paso, tr\u00e1nsito y estancia de todos los paisanos que ingresen por esta frontera, ofreciendo todos los apoyos para una estancia tranquila y un retorno seguro\u201d, afirm\u00f3.<\/p>\n\n\n\n<p>El programa \u201cH\u00e9roes Paisanos\u201d contempla la implementaci\u00f3n de acciones de seguridad, atenci\u00f3n y orientaci\u00f3n a los paisanos en los principales cruces internacionales, aeropuertos, centrales de autobuses y plazas p\u00fablicas del estado.<\/p>\n\n\n\n<p>En el operativo participar\u00e1n elementos de la Secretar\u00eda de la Defensa Nacional, la Secretar\u00eda de Marina, la Guardia Nacional, la Polic\u00eda Federal Ministerial, la Polic\u00eda Estatal, la Polic\u00eda Municipal y el Instituto Nacional de Migraci\u00f3n.<\/p>\n\n\n\n<p>En esta reuni\u00f3n de trabajo tambi\u00e9n participaron el titular de la Oficina de Representaci\u00f3n del Instituto Nacional de Migraci\u00f3n en Tamaulipas, Segismundo Dogu\u00edn Mart\u00ednez y la subsecretaria de Desarrollo y Promoci\u00f3n Tur\u00edstica, Elvia Ver\u00f3nica Loredo Hern\u00e1ndez<\/p>\n","protected":false},"excerpt":{"rendered":"<p>Por: Agencias Nuevo Laredo, Tamaulipas.- El Gobierno de Tamaulipas, en seguimiento a la encomienda del gobernador Am\u00e9rico Villarreal Anaya, llev\u00f3 a cabo la reuni\u00f3n preparatoria para el arranque del programa \u201cH\u00e9roes Paisanos Invierno 2023\u201d, que se realizar\u00e1 del 29 de noviembre 2023 al 8 de enero de 2024. La reuni\u00f3n celebrada en la ciudad de [&hellip;]<\/p>\n","protected":false},"author":1,"featured_media":2980,"comment_status":"open","ping_status":"open","sticky":false,"template":"","format":"standard","meta":{"footnotes":""},"categories":[31,53],"tags":[],"class_list":{"0":"post-2979","1":"post","2":"type-post","3":"status-publish","4":"format-standard","5":"has-post-thumbnail","7":"category-nuevo-laredo","8":"category-tamaulipas"},"amp_enabled":true,"_links":{"self":[{"href":"https:\/\/luisvaltierranoticias.com\/index.php?rest_route=\/wp\/v2\/posts\/2979","targetHints":{"allow":["GET"]}}],"collection":[{"href":"https:\/\/luisvaltierranoticias.com\/index.php?rest_route=\/wp\/v2\/posts"}],"about":[{"href":"https:\/\/luisvaltierranoticias.com\/index.php?rest_route=\/wp\/v2\/types\/post"}],"author":[{"embeddable":true,"href":"https:\/\/luisvaltierranoticias.com\/index.php?rest_route=\/wp\/v2\/users\/1"}],"replies":[{"embeddable":true,"href":"https:\/\/luisvaltierranoticias.com\/index.php?rest_route=%2Fwp%2Fv2%2Fcomments&post=2979"}],"version-history":[{"count":1,"href":"https:\/\/luisvaltierranoticias.com\/index.php?rest_route=\/wp\/v2\/posts\/2979\/revisions"}],"predecessor-version":[{"id":2981,"href":"https:\/\/luisvaltierranoticias.com\/index.php?rest_route=\/wp\/v2\/posts\/2979\/revisions\/2981"}],"wp:featuredmedia":[{"embeddable":true,"href":"https:\/\/luisvaltierranoticias.com\/index.php?rest_route=\/wp\/v2\/media\/2980"}],"wp:attachment":[{"href":"https:\/\/luisvaltierranoticias.com\/index.php?rest_route=%2Fwp%2Fv2%2Fmedia&parent=2979"}],"wp:term":[{"taxonomy":"category","embeddable":true,"href":"https:\/\/luisvaltierranoticias.com\/index.php?rest_route=%2Fwp%2Fv2%2Fcategories&post=2979"},{"taxonomy":"post_tag","embeddable":true,"href":"https:\/\/luisvaltierranoticias.com\/index.php?rest_route=%2Fwp%2Fv2%2Ftags&post=2979"}],"curies":[{"name":"wp","href":"https:\/\/api.w.org\/{rel}","templated":true}]}}