{"id":2976,"date":"2023-10-31T17:47:54","date_gmt":"2023-10-31T22:47:54","guid":{"rendered":"https:\/\/luisvaltierranoticias.com\/?p=2976"},"modified":"2023-10-31T17:47:56","modified_gmt":"2023-10-31T22:47:56","slug":"se-suma-iniciativa-privada-a-fortalecimiento-de-la-educacion-en-nuevo-laredo","status":"publish","type":"post","link":"https:\/\/luisvaltierranoticias.com\/?p=2976","title":{"rendered":"SE SUMA INICIATIVA PRIVADA A FORTALECIMIENTO DE LA EDUCACI\u00d3N EN NUEVO LAREDO"},"content":{"rendered":"\n<p>Por: Staff | #NuevoLaredo #Tamaulipas <\/p>\n\n\n\n<p>Como una muestra de responsabilidad social y con la educaci\u00f3n de los neolaredenses, iniciativa privada y el Gobierno Municipal inauguraron un auditorio multidisciplinario en la escuela primaria \u201cArturo Luna de Menchaca\u201d, ubicada en la colonia Villas de San Miguel y que beneficiar\u00e1 a 400 alumnos y 17 docentes del turno matutino y vespertino.<\/p>\n\n\n\n<p>Para la realizaci\u00f3n de este proyecto, la Fundaci\u00f3n Smurfit Kappa con sede en Irlanda, invirti\u00f3 m\u00e1s de 200 mil d\u00f3lares y concret\u00f3 la construcci\u00f3n de este edificio que ser\u00e1 utilizado para atender diversas actividades estudiantiles en un espacio seguro y con \u00f3ptimas condiciones.<\/p>\n\n\n\n<p>La alcaldesa, Carmen Lilia Canturosas Villarreal, indic\u00f3 que en Nuevo Laredo se vive una nueva era de prosperidad y progreso, en la que los sectores privado, p\u00fablico y social, trabajan hombro a hombro por mejorar la calidad de vida de los ciudadanos.<\/p>\n\n\n\n<p>\u201cEn el Gobierno Municipal nos sentimos orgullosos de esta colaboraci\u00f3n con Smurfit Kappa porque juntos reconocemos esta necesidad en la primaria y aportar a la educaci\u00f3n de Nuevo Laredo, esto es una prueba de que el trabajo en equipo beneficia a todos y seguiremos esta colaboraci\u00f3n por el bienestar de nuestros estudiantes\u201d, recalc\u00f3.<\/p>\n\n\n\n<p>Enfatiz\u00f3 que desde el inicio de la Administraci\u00f3n Municipal 2021-2024, se han destinado 75 millones de pesos para apoyar a alrededor de 15 mil estudiantes y se atendi\u00f3 una necesidad espec\u00edfica con los Programas de Becas UNE de \u201cT\u00edtulo Profesional 2023\u201d, \u201cUNE a la Excelencia Universitaria 2023\u201d.<\/p>\n\n\n\n<p>Inform\u00f3 que pr\u00f3ximamente la Beca \u201cUna Nueva Era\u201d tambi\u00e9n ser\u00e1 enfocada a los alumnos de los niveles educativos de primaria y secundaria, inscritos en las escuelas p\u00fablicas de la ciudad.<\/p>\n\n\n\n<p>Como reconocimiento a un gobierno facilitador para llevar a cabo la construcci\u00f3n del auditorio multidisciplinario, directivos de Smurfit Kappa entregaron a la alcaldesa un reconocimiento por su colaboraci\u00f3n.<\/p>\n\n\n\n<p>En el evento estuvieron presentes: miembros del Cabildo, autoridades municipales, representantes de la empresa Smurfit Kappa y dem\u00e1s maquiladoras, as\u00ed como estudiantes y docentes de la primaria \u201cArturo Luna de Menchaca\u201d.<\/p>\n","protected":false},"excerpt":{"rendered":"<p>Por: Staff | #NuevoLaredo #Tamaulipas Como una muestra de responsabilidad social y con la educaci\u00f3n de los neolaredenses, iniciativa privada y el Gobierno Municipal inauguraron un auditorio multidisciplinario en la escuela primaria \u201cArturo Luna de Menchaca\u201d, ubicada en la colonia Villas de San Miguel y que beneficiar\u00e1 a 400 alumnos y 17 docentes del turno [&hellip;]<\/p>\n","protected":false},"author":1,"featured_media":2977,"comment_status":"open","ping_status":"open","sticky":false,"template":"","format":"standard","meta":{"footnotes":""},"categories":[31],"tags":[],"class_list":{"0":"post-2976","1":"post","2":"type-post","3":"status-publish","4":"format-standard","5":"has-post-thumbnail","7":"category-nuevo-laredo"},"amp_enabled":true,"_links":{"self":[{"href":"https:\/\/luisvaltierranoticias.com\/index.php?rest_route=\/wp\/v2\/posts\/2976","targetHints":{"allow":["GET"]}}],"collection":[{"href":"https:\/\/luisvaltierranoticias.com\/index.php?rest_route=\/wp\/v2\/posts"}],"about":[{"href":"https:\/\/luisvaltierranoticias.com\/index.php?rest_route=\/wp\/v2\/types\/post"}],"author":[{"embeddable":true,"href":"https:\/\/luisvaltierranoticias.com\/index.php?rest_route=\/wp\/v2\/users\/1"}],"replies":[{"embeddable":true,"href":"https:\/\/luisvaltierranoticias.com\/index.php?rest_route=%2Fwp%2Fv2%2Fcomments&post=2976"}],"version-history":[{"count":1,"href":"https:\/\/luisvaltierranoticias.com\/index.php?rest_route=\/wp\/v2\/posts\/2976\/revisions"}],"predecessor-version":[{"id":2978,"href":"https:\/\/luisvaltierranoticias.com\/index.php?rest_route=\/wp\/v2\/posts\/2976\/revisions\/2978"}],"wp:featuredmedia":[{"embeddable":true,"href":"https:\/\/luisvaltierranoticias.com\/index.php?rest_route=\/wp\/v2\/media\/2977"}],"wp:attachment":[{"href":"https:\/\/luisvaltierranoticias.com\/index.php?rest_route=%2Fwp%2Fv2%2Fmedia&parent=2976"}],"wp:term":[{"taxonomy":"category","embeddable":true,"href":"https:\/\/luisvaltierranoticias.com\/index.php?rest_route=%2Fwp%2Fv2%2Fcategories&post=2976"},{"taxonomy":"post_tag","embeddable":true,"href":"https:\/\/luisvaltierranoticias.com\/index.php?rest_route=%2Fwp%2Fv2%2Ftags&post=2976"}],"curies":[{"name":"wp","href":"https:\/\/api.w.org\/{rel}","templated":true}]}}