{"id":2970,"date":"2023-10-31T17:38:21","date_gmt":"2023-10-31T22:38:21","guid":{"rendered":"https:\/\/luisvaltierranoticias.com\/?p=2970"},"modified":"2023-10-31T17:38:22","modified_gmt":"2023-10-31T22:38:22","slug":"potencializan-desarrollo-economico-de-nuevo-laredo-con-segundo-foro-de-competitividad","status":"publish","type":"post","link":"https:\/\/luisvaltierranoticias.com\/?p=2970","title":{"rendered":"POTENCIALIZAN DESARROLLO ECON\u00d3MICO DE NUEVO LAREDO CON SEGUNDO FORO DE COMPETITIVIDAD"},"content":{"rendered":"\n<p>Por: Staff | #NuevoLaredo #Tamaulipas <\/p>\n\n\n\n<p>Para fomentar el desarrollo econ\u00f3mico y fortalecer las relaciones comerciales de la ciudad, el Gobierno Municipal a trav\u00e9s del Instituto para la Competitividad y el Comercio Exterior (ICCE), llev\u00f3 a cabo el Segundo Foro de Competitividad: \u201cPerspectivas de Crecimiento Econ\u00f3mico.<\/p>\n\n\n\n<p>Este evento se desarroll\u00f3 en el Centro Cultural, donde universitarios, expertos, l\u00edderes empresariales y profesionales destacados de diversos giros como comercio, comunicaci\u00f3n, log\u00edstica, entre otros, se enriquecieron con tres paneles de estrategias, visi\u00f3n y perspectivas del crecimiento econ\u00f3mico.<\/p>\n\n\n\n<p>La alcaldesa, Carmen Lilia Canturosas Villarreal, se\u00f1al\u00f3 que los sectores productivos como Agentes Aduanales, Transportistas, la Industria, el comercio, los organismos no gubernamentales y los medios de comunicaci\u00f3n, son los protagonistas del dinamismo econ\u00f3mico y comercial que se vive en la frontera.<\/p>\n\n\n\n<p>\u201cEn este foro se busca analizar estrategias y oportunidades para impulsar la competitividad, fomentar el desarrollo econ\u00f3mico y fortalecer las relaciones comerciales de la ciudad con una amplia gama de temas importantes, incluyendo pol\u00edticas gubernamentales, innovaci\u00f3n empresarial, inversi\u00f3n extranjera, transformaci\u00f3n digital, desarrollo de talento y colaboraci\u00f3n p\u00fablico-privada\u201d, indic\u00f3.<\/p>\n\n\n\n<p>Destac\u00f3 que la visi\u00f3n sobre Nuevo Laredo que comparten el presidente de M\u00e9xico, Andr\u00e9s Manuel L\u00f3pez Obrador y del gobernador de Tamaulipas, Am\u00e9rico Villarreal Anaya, es de un municipio con potencial, en constante crecimiento y un fuerte desarrollo econ\u00f3mico.<\/p>\n\n\n\n<p>Por su parte, la directora general de \u201cM\u00e9xico \u00bfC\u00f3mo vamos?\u201d, Sof\u00eda Ram\u00edrez Aguilar, asegur\u00f3 que Nuevo Laredo se encuentra en el momento adecuado para la consolidaci\u00f3n de un crecimiento ordenado que permita beneficiar a toda la poblaci\u00f3n.<\/p>\n\n\n\n<p>\u201cExiste una oportunidad para el crecimiento transversal de la ciudad y poner vista al futuro, el empleo formal en la ciudad est\u00e1 en un gran momento, sobre todo su principal polo de desarrollo que es la frontera y es innegable que el municipio obtendr\u00e1 una relevancia regional importante\u201d, reiter\u00f3.<\/p>\n\n\n\n<p>Por otro lado, el director de Econom\u00eda Sostenible del Instituto Mexicano para la Competitividad (IMCO), Jes\u00fas Carrillo Carrillo, destac\u00f3 que Nuevo Laredo tiene la capacidad para generar, atraer y retener talento e inversi\u00f3n.<\/p>\n\n\n\n<p>\u201cEn la ciudad podemos ver reflejado una de las principales ventajas de esta frontera que es el mercado laboral ya que de acuerdo a estad\u00edsticas, es la tercera ciudad con menos empleo informal en M\u00e9xico, atr\u00e1s de Ju\u00e1rez y Saltillo\u201d, subray\u00f3.<\/p>\n\n\n\n<p>El primer foro de competitividad abarc\u00f3 el tema de \u201cCadenas de Suministro\u201d y se llev\u00f3 a cabo en la misma sede en septiembre del 2022 y se expusieron alternativas de soluci\u00f3n, \u00e1reas de oportunidad y tendencias actuales para impulsar el dinamismo de Nuevo Laredo.<\/p>\n","protected":false},"excerpt":{"rendered":"<p>Por: Staff | #NuevoLaredo #Tamaulipas Para fomentar el desarrollo econ\u00f3mico y fortalecer las relaciones comerciales de la ciudad, el Gobierno Municipal a trav\u00e9s del Instituto para la Competitividad y el Comercio Exterior (ICCE), llev\u00f3 a cabo el Segundo Foro de Competitividad: \u201cPerspectivas de Crecimiento Econ\u00f3mico. Este evento se desarroll\u00f3 en el Centro Cultural, donde universitarios, [&hellip;]<\/p>\n","protected":false},"author":1,"featured_media":2971,"comment_status":"open","ping_status":"open","sticky":false,"template":"","format":"standard","meta":{"footnotes":""},"categories":[31],"tags":[],"class_list":{"0":"post-2970","1":"post","2":"type-post","3":"status-publish","4":"format-standard","5":"has-post-thumbnail","7":"category-nuevo-laredo"},"amp_enabled":true,"_links":{"self":[{"href":"https:\/\/luisvaltierranoticias.com\/index.php?rest_route=\/wp\/v2\/posts\/2970","targetHints":{"allow":["GET"]}}],"collection":[{"href":"https:\/\/luisvaltierranoticias.com\/index.php?rest_route=\/wp\/v2\/posts"}],"about":[{"href":"https:\/\/luisvaltierranoticias.com\/index.php?rest_route=\/wp\/v2\/types\/post"}],"author":[{"embeddable":true,"href":"https:\/\/luisvaltierranoticias.com\/index.php?rest_route=\/wp\/v2\/users\/1"}],"replies":[{"embeddable":true,"href":"https:\/\/luisvaltierranoticias.com\/index.php?rest_route=%2Fwp%2Fv2%2Fcomments&post=2970"}],"version-history":[{"count":1,"href":"https:\/\/luisvaltierranoticias.com\/index.php?rest_route=\/wp\/v2\/posts\/2970\/revisions"}],"predecessor-version":[{"id":2972,"href":"https:\/\/luisvaltierranoticias.com\/index.php?rest_route=\/wp\/v2\/posts\/2970\/revisions\/2972"}],"wp:featuredmedia":[{"embeddable":true,"href":"https:\/\/luisvaltierranoticias.com\/index.php?rest_route=\/wp\/v2\/media\/2971"}],"wp:attachment":[{"href":"https:\/\/luisvaltierranoticias.com\/index.php?rest_route=%2Fwp%2Fv2%2Fmedia&parent=2970"}],"wp:term":[{"taxonomy":"category","embeddable":true,"href":"https:\/\/luisvaltierranoticias.com\/index.php?rest_route=%2Fwp%2Fv2%2Fcategories&post=2970"},{"taxonomy":"post_tag","embeddable":true,"href":"https:\/\/luisvaltierranoticias.com\/index.php?rest_route=%2Fwp%2Fv2%2Ftags&post=2970"}],"curies":[{"name":"wp","href":"https:\/\/api.w.org\/{rel}","templated":true}]}}