{"id":2967,"date":"2023-10-31T16:43:35","date_gmt":"2023-10-31T21:43:35","guid":{"rendered":"https:\/\/luisvaltierranoticias.com\/?p=2967"},"modified":"2023-10-31T16:43:43","modified_gmt":"2023-10-31T21:43:43","slug":"gran-exito-las-jornadas-de-ciencia-y-tecnologia-stem-en-tamaulipas","status":"publish","type":"post","link":"https:\/\/luisvaltierranoticias.com\/?p=2967","title":{"rendered":"Gran \u00e9xito las Jornadas de Ciencia y Tecnolog\u00eda STEM en Tamaulipas"},"content":{"rendered":"\n<p>Por: Agencias<\/p>\n\n\n\n<p>Ciudad Victoria, Tamaulipas.\u2013 Con el objetivo de fomentar entre ni\u00f1as, ni\u00f1os y adolescentes el saber cient\u00edfico y que desarrollen habilidades para aplicarlo en los distintos campos del conocimiento, el Gobierno del Estado de Tamaulipas, por instrucciones del gobernador Am\u00e9rico Villarreal Anaya, a trav\u00e9s de la Secretar\u00eda de Educaci\u00f3n y mediante el Consejo Tamaulipeco de Ciencia y Tecnolog\u00eda (COTACYT), en colaboraci\u00f3n con el Centro Regional de Formaci\u00f3n Docente e Investigaci\u00f3n Educativa (CRETAM), llevan a cabo la Tercera Semana de las \u201cJornadas de Ciencia y Tecnolog\u00eda STEM\u201d.<\/p>\n\n\n\n<p>El lunes arrancaron las jornadas con el apoyo del Centro de Investigaciones de Matem\u00e1ticas y con la participaci\u00f3n de talleristas, quienes recibieron a los primeros alumnos de nivel b\u00e1sico y media superior para ense\u00f1arles diversos proyectos cient\u00edficos de acuerdo a su nivel educativo.<\/p>\n\n\n\n<p>Durante la ceremonia de inauguraci\u00f3n, la secretaria de Educaci\u00f3n de Tamaulipas, Luc\u00eda Aim\u00e9 Castillo Pastor, celebr\u00f3 que se concreten estas nuevas formas y nuevos conceptos de promover la ciencia y la tecnolog\u00eda entre la poblaci\u00f3n infantil y juvenil de Tamaulipas, exhortando a los participantes a dar lo mejor de s\u00ed y a hacer de la ciencia y la tecnolog\u00eda una forma de vida.<\/p>\n\n\n\n<p>Por su parte, el director general del COTACYT, Julio Mart\u00ednez Burnes, coment\u00f3 que al preparar a las ni\u00f1as, ni\u00f1os y adolescentes con estas habilidades, el Sistema de Educaci\u00f3n STEM (Ciencia, Tecnolog\u00eda, Ingenier\u00eda y Matem\u00e1ticas, por sus siglas en ingl\u00e9s), los equipa con las herramientas necesarias para sobresalir en los empleos del futuro y contribuir al desarrollo sostenible y al progreso de la sociedad.<\/p>\n\n\n\n<p>Entre los talleres que se imparten se encuentran: robots m\u00f3viles con Mcqueen-Micro: Bit, ciencia con realidad virtual, fundamentos de electr\u00f3nica, fundamentos de drones, genios cuidando el medioambiente, peque\u00f1os cient\u00edficos en acci\u00f3n y retos matem\u00e1ticos, entre otros.<\/p>\n\n\n\n<p>Las Jornadas de Ciencia y Tecnolog\u00eda STEM fomentan habilidades de ciencia, tecnolog\u00eda, ingenier\u00eda y matem\u00e1ticas entre ni\u00f1as, ni\u00f1os y j\u00f3venes, con el prop\u00f3sito de involucrarlos en el desarrollo del \u00e1mbito cient\u00edfico y tecnol\u00f3gico del pa\u00eds, acorde a las pol\u00edticas educativas impulsadas por el gobernador, Am\u00e9rico Villarreal Anaya.<\/p>\n","protected":false},"excerpt":{"rendered":"<p>Por: Agencias Ciudad Victoria, Tamaulipas.\u2013 Con el objetivo de fomentar entre ni\u00f1as, ni\u00f1os y adolescentes el saber cient\u00edfico y que desarrollen habilidades para aplicarlo en los distintos campos del conocimiento, el Gobierno del Estado de Tamaulipas, por instrucciones del gobernador Am\u00e9rico Villarreal Anaya, a trav\u00e9s de la Secretar\u00eda de Educaci\u00f3n y mediante el Consejo Tamaulipeco [&hellip;]<\/p>\n","protected":false},"author":1,"featured_media":2968,"comment_status":"open","ping_status":"open","sticky":false,"template":"","format":"standard","meta":{"footnotes":""},"categories":[53],"tags":[],"class_list":{"0":"post-2967","1":"post","2":"type-post","3":"status-publish","4":"format-standard","5":"has-post-thumbnail","7":"category-tamaulipas"},"amp_enabled":true,"_links":{"self":[{"href":"https:\/\/luisvaltierranoticias.com\/index.php?rest_route=\/wp\/v2\/posts\/2967","targetHints":{"allow":["GET"]}}],"collection":[{"href":"https:\/\/luisvaltierranoticias.com\/index.php?rest_route=\/wp\/v2\/posts"}],"about":[{"href":"https:\/\/luisvaltierranoticias.com\/index.php?rest_route=\/wp\/v2\/types\/post"}],"author":[{"embeddable":true,"href":"https:\/\/luisvaltierranoticias.com\/index.php?rest_route=\/wp\/v2\/users\/1"}],"replies":[{"embeddable":true,"href":"https:\/\/luisvaltierranoticias.com\/index.php?rest_route=%2Fwp%2Fv2%2Fcomments&post=2967"}],"version-history":[{"count":1,"href":"https:\/\/luisvaltierranoticias.com\/index.php?rest_route=\/wp\/v2\/posts\/2967\/revisions"}],"predecessor-version":[{"id":2969,"href":"https:\/\/luisvaltierranoticias.com\/index.php?rest_route=\/wp\/v2\/posts\/2967\/revisions\/2969"}],"wp:featuredmedia":[{"embeddable":true,"href":"https:\/\/luisvaltierranoticias.com\/index.php?rest_route=\/wp\/v2\/media\/2968"}],"wp:attachment":[{"href":"https:\/\/luisvaltierranoticias.com\/index.php?rest_route=%2Fwp%2Fv2%2Fmedia&parent=2967"}],"wp:term":[{"taxonomy":"category","embeddable":true,"href":"https:\/\/luisvaltierranoticias.com\/index.php?rest_route=%2Fwp%2Fv2%2Fcategories&post=2967"},{"taxonomy":"post_tag","embeddable":true,"href":"https:\/\/luisvaltierranoticias.com\/index.php?rest_route=%2Fwp%2Fv2%2Ftags&post=2967"}],"curies":[{"name":"wp","href":"https:\/\/api.w.org\/{rel}","templated":true}]}}