{"id":2961,"date":"2023-10-31T16:00:18","date_gmt":"2023-10-31T21:00:18","guid":{"rendered":"https:\/\/luisvaltierranoticias.com\/?p=2961"},"modified":"2023-10-31T16:00:20","modified_gmt":"2023-10-31T21:00:20","slug":"destaca-modulo-de-nuevo-laredo-en-feria-tamaulipas-2023","status":"publish","type":"post","link":"https:\/\/luisvaltierranoticias.com\/?p=2961","title":{"rendered":"DESTACA M\u00d3DULO DE NUEVO LAREDO EN FERIA TAMAULIPAS 2023"},"content":{"rendered":"\n<p>Por: Staff | #NuevoLaredo #Tamaulipas <\/p>\n\n\n\n<p>M\u00e1s de 30 mil visitantes tuvo el m\u00f3dulo de Nuevo Laredo que fue instalado en la Feria Tamaulipas 2023 con el que se promocionaron las ventajas competitivas, econ\u00f3micas y tur\u00edsticas de la regi\u00f3n fronteriza.<\/p>\n\n\n\n<p>El director de Turismo, Felipe Flores Montemayor dio a conocer que el m\u00f3dulo de Nuevo Laredo tuvo una gran respuesta en esta feria en la tambi\u00e9n hubo una muestra gastron\u00f3mica de la ciudad.<\/p>\n\n\n\n<p>\u201cDe todo esto la finalidad es promover a nuestra ciudad para que la visiten porque tenemos muchas cosas que ofrecer, la verdad fue una gran experiencia, cada vez vemos m\u00e1s gente involucrada\u201d, se\u00f1al\u00f3 Flores Montemayor, titular de la dependencia municipal.<\/p>\n\n\n\n<p>Inform\u00f3 que hubo actividades como un karaoke, la presentaci\u00f3n del grupo danza folcl\u00f3rica \u201cCuatlicue\u201d, la entrega de art\u00edculos promocionales como gorras y bolsas de I love NLD, as\u00ed como del Zool\u00f3gico de Nuevo Laredo.<\/p>\n\n\n\n<p>A trav\u00e9s de este m\u00f3dulo el gobierno municipal promovi\u00f3 a los productores neolaredenses con una exhibici\u00f3n y venta de sus productos como figuras de forja, galletas, salsas, entre otros.<\/p>\n\n\n\n<p>Hubo exposiciones del Turismo Cineg\u00e9tico, del Museo de Historia Natural, de los Tecolotes de Los Dos Laredos y otras actividades que se llevan a cabo en el municipio.<\/p>\n","protected":false},"excerpt":{"rendered":"<p>Por: Staff | #NuevoLaredo #Tamaulipas M\u00e1s de 30 mil visitantes tuvo el m\u00f3dulo de Nuevo Laredo que fue instalado en la Feria Tamaulipas 2023 con el que se promocionaron las ventajas competitivas, econ\u00f3micas y tur\u00edsticas de la regi\u00f3n fronteriza. El director de Turismo, Felipe Flores Montemayor dio a conocer que el m\u00f3dulo de Nuevo Laredo [&hellip;]<\/p>\n","protected":false},"author":1,"featured_media":2962,"comment_status":"open","ping_status":"open","sticky":false,"template":"","format":"standard","meta":{"footnotes":""},"categories":[31],"tags":[],"class_list":{"0":"post-2961","1":"post","2":"type-post","3":"status-publish","4":"format-standard","5":"has-post-thumbnail","7":"category-nuevo-laredo"},"amp_enabled":true,"_links":{"self":[{"href":"https:\/\/luisvaltierranoticias.com\/index.php?rest_route=\/wp\/v2\/posts\/2961","targetHints":{"allow":["GET"]}}],"collection":[{"href":"https:\/\/luisvaltierranoticias.com\/index.php?rest_route=\/wp\/v2\/posts"}],"about":[{"href":"https:\/\/luisvaltierranoticias.com\/index.php?rest_route=\/wp\/v2\/types\/post"}],"author":[{"embeddable":true,"href":"https:\/\/luisvaltierranoticias.com\/index.php?rest_route=\/wp\/v2\/users\/1"}],"replies":[{"embeddable":true,"href":"https:\/\/luisvaltierranoticias.com\/index.php?rest_route=%2Fwp%2Fv2%2Fcomments&post=2961"}],"version-history":[{"count":1,"href":"https:\/\/luisvaltierranoticias.com\/index.php?rest_route=\/wp\/v2\/posts\/2961\/revisions"}],"predecessor-version":[{"id":2963,"href":"https:\/\/luisvaltierranoticias.com\/index.php?rest_route=\/wp\/v2\/posts\/2961\/revisions\/2963"}],"wp:featuredmedia":[{"embeddable":true,"href":"https:\/\/luisvaltierranoticias.com\/index.php?rest_route=\/wp\/v2\/media\/2962"}],"wp:attachment":[{"href":"https:\/\/luisvaltierranoticias.com\/index.php?rest_route=%2Fwp%2Fv2%2Fmedia&parent=2961"}],"wp:term":[{"taxonomy":"category","embeddable":true,"href":"https:\/\/luisvaltierranoticias.com\/index.php?rest_route=%2Fwp%2Fv2%2Fcategories&post=2961"},{"taxonomy":"post_tag","embeddable":true,"href":"https:\/\/luisvaltierranoticias.com\/index.php?rest_route=%2Fwp%2Fv2%2Ftags&post=2961"}],"curies":[{"name":"wp","href":"https:\/\/api.w.org\/{rel}","templated":true}]}}