{"id":2958,"date":"2023-10-31T15:40:59","date_gmt":"2023-10-31T20:40:59","guid":{"rendered":"https:\/\/luisvaltierranoticias.com\/?p=2958"},"modified":"2023-10-31T15:41:00","modified_gmt":"2023-10-31T20:41:00","slug":"invita-sistema-dif-a-disfrutar-del-festival-internacional-de-la-catrina-daran-tamales-y-champurrado-gratis","status":"publish","type":"post","link":"https:\/\/luisvaltierranoticias.com\/?p=2958","title":{"rendered":"INVITA SISTEMA DIF A DISFRUTAR DEL \u201cFESTIVAL INTERNACIONAL DE LA CATRINA\u201d; DAR\u00c1N TAMALES Y CHAMPURRADO GRATIS"},"content":{"rendered":"\n<p>Por: Staff | #NuevoLaredo #NLD #Laredo #Tamaulipas<\/p>\n\n\n\n<p>El Sistema para el Desarrollo Integral de la Familia (DIF) por tercer a\u00f1o consecutivo participar\u00e1 en el \u201cFestival Internacional de la Catrina\u201d compartiendo deliciosos tamales y champurrado a las personas que asistan al festival.<\/p>\n\n\n\n<p>El evento anual que se ha convertido en una tradici\u00f3n que disfrutan las familias neolaredenses para celebrar el D\u00eda de los Muertos, se llevar\u00e1 a cabo en la Explanada de la Independencia este 1 de noviembre.<\/p>\n\n\n\n<p>El festival se llevar\u00e1 a cabo de 5:00 de la tarde hasta las 10:00 de la noche, los tamales y champurrado comenzar\u00e1n a entregarse a partir de las 7:00 pm, hasta agotar existencia.<\/p>\n\n\n\n<p>Adem\u00e1s habr\u00e1 concurso de caracterizaci\u00f3n de catrinas y el espect\u00e1culo internacional con el grupo Circo El\u00e9ctrico que presentar\u00e1 el \u201cRitual X\u00f3cotl\u201d con danza a\u00e9rea y contempor\u00e1nea; arte circense y mojigangas.<\/p>\n\n\n\n<p>El D\u00eda de los Muertos es una festividad que honra a los seres queridos que han fallecido, y la Catrina, con su elegante atuendo esquel\u00e9tico, se ha convertido en un s\u00edmbolo ic\u00f3nico de esta celebraci\u00f3n. En el Festival de la Catrina, los asistentes podr\u00e1n apreciar la riqueza de las tradiciones mexicanas a trav\u00e9s de altares con ofrendas, decoraciones coloridas y m\u00fasica en vivo.<\/p>\n\n\n\n<p>El Gobierno Municipal y el Sistema DIF invitan a la ciudadan\u00eda a disfrutar en familia del festival gratuito que celebra el D\u00eda de los Muertos de una manera aut\u00e9ntica y colorida.<\/p>\n","protected":false},"excerpt":{"rendered":"<p>Por: Staff | #NuevoLaredo #NLD #Laredo #Tamaulipas El Sistema para el Desarrollo Integral de la Familia (DIF) por tercer a\u00f1o consecutivo participar\u00e1 en el \u201cFestival Internacional de la Catrina\u201d compartiendo deliciosos tamales y champurrado a las personas que asistan al festival. El evento anual que se ha convertido en una tradici\u00f3n que disfrutan las familias [&hellip;]<\/p>\n","protected":false},"author":1,"featured_media":2959,"comment_status":"open","ping_status":"open","sticky":false,"template":"","format":"standard","meta":{"footnotes":""},"categories":[31],"tags":[],"class_list":{"0":"post-2958","1":"post","2":"type-post","3":"status-publish","4":"format-standard","5":"has-post-thumbnail","7":"category-nuevo-laredo"},"amp_enabled":true,"_links":{"self":[{"href":"https:\/\/luisvaltierranoticias.com\/index.php?rest_route=\/wp\/v2\/posts\/2958","targetHints":{"allow":["GET"]}}],"collection":[{"href":"https:\/\/luisvaltierranoticias.com\/index.php?rest_route=\/wp\/v2\/posts"}],"about":[{"href":"https:\/\/luisvaltierranoticias.com\/index.php?rest_route=\/wp\/v2\/types\/post"}],"author":[{"embeddable":true,"href":"https:\/\/luisvaltierranoticias.com\/index.php?rest_route=\/wp\/v2\/users\/1"}],"replies":[{"embeddable":true,"href":"https:\/\/luisvaltierranoticias.com\/index.php?rest_route=%2Fwp%2Fv2%2Fcomments&post=2958"}],"version-history":[{"count":1,"href":"https:\/\/luisvaltierranoticias.com\/index.php?rest_route=\/wp\/v2\/posts\/2958\/revisions"}],"predecessor-version":[{"id":2960,"href":"https:\/\/luisvaltierranoticias.com\/index.php?rest_route=\/wp\/v2\/posts\/2958\/revisions\/2960"}],"wp:featuredmedia":[{"embeddable":true,"href":"https:\/\/luisvaltierranoticias.com\/index.php?rest_route=\/wp\/v2\/media\/2959"}],"wp:attachment":[{"href":"https:\/\/luisvaltierranoticias.com\/index.php?rest_route=%2Fwp%2Fv2%2Fmedia&parent=2958"}],"wp:term":[{"taxonomy":"category","embeddable":true,"href":"https:\/\/luisvaltierranoticias.com\/index.php?rest_route=%2Fwp%2Fv2%2Fcategories&post=2958"},{"taxonomy":"post_tag","embeddable":true,"href":"https:\/\/luisvaltierranoticias.com\/index.php?rest_route=%2Fwp%2Fv2%2Ftags&post=2958"}],"curies":[{"name":"wp","href":"https:\/\/api.w.org\/{rel}","templated":true}]}}