{"id":2955,"date":"2023-10-31T15:32:17","date_gmt":"2023-10-31T20:32:17","guid":{"rendered":"https:\/\/luisvaltierranoticias.com\/?p=2955"},"modified":"2023-10-31T15:32:19","modified_gmt":"2023-10-31T20:32:19","slug":"lleva-injuve-campana-piensalo-dos-veces-a-municipios-tamaulipecos","status":"publish","type":"post","link":"https:\/\/luisvaltierranoticias.com\/?p=2955","title":{"rendered":"Lleva Injuve campa\u00f1a \u201cPi\u00e9nsalo Dos Veces\u201d a municipios tamaulipecos"},"content":{"rendered":"\n<p>&#8211; El objetivo es generar conciencia en los adolescentes para una correcta toma de decisiones<\/p>\n\n\n\n<p>Por: Agencias<\/p>\n\n\n\n<p>Ciudad Victoria, Tamaulipas. &#8211; Con el objetivo de escuchar sus experiencias y las problem\u00e1ticas sociales que enfrentan los adolescentes, el Injuve Tamaulipas ha llevado a escuelas de diferentes municipios de la entidad, la campa\u00f1a de concientizaci\u00f3n \u201cPi\u00e9nsalo Dos Veces\u201d.<\/p>\n\n\n\n<p>La directora general del Instituto de la Juventud, Judith Katalyna M\u00e9ndez Cepeda, puntualiz\u00f3 que para el Gobierno del Estado es prioridad atender la problem\u00e1tica de los adolescentes ya que son parte fundamental en la perspectiva de inclusi\u00f3n.<\/p>\n\n\n\n<p>Detall\u00f3 que con los foros, \u201cPi\u00e9nsalo Dos Veces\u201d, se busca generar conciencia y responsabilidad sobre las decisiones que las juventudes est\u00e1n tomando en su d\u00eda a d\u00eda.<\/p>\n\n\n\n<p>La funcionaria expres\u00f3 que se debe apoyar a las y los j\u00f3venes aportando a su formaci\u00f3n como agentes de cambio y empoderarlos con acciones que impacten positivamente en su desarrollo.<\/p>\n\n\n\n<p>Por \u00faltimo, inform\u00f3 que se pretende llegar a todos los municipios, visitando hasta el momento escuelas del nivel b\u00e1sico en Tampico, Tula, Gonz\u00e1lez, G\u00f3mez Far\u00edas y Ciudad Victoria en donde se han impartido pl\u00e1ticas como: Ni Silencio Ni Tab\u00fa, Un Beb\u00e9 No es un Juego, Protege Tu Red y Atr\u00e9vete a Decir No.<\/p>\n\n\n\n<p>Estos temas se refieren a la prevenci\u00f3n del suicidio y enfermedades de tipo emocional, concientizaci\u00f3n y prevenci\u00f3n del embarazo adolescente, el correcto uso de las redes sociales y protecci\u00f3n de datos, as\u00ed como la prevenci\u00f3n de adicciones y consumo de drogas<\/p>\n","protected":false},"excerpt":{"rendered":"<p>&#8211; El objetivo es generar conciencia en los adolescentes para una correcta toma de decisiones Por: Agencias Ciudad Victoria, Tamaulipas. &#8211; Con el objetivo de escuchar sus experiencias y las problem\u00e1ticas sociales que enfrentan los adolescentes, el Injuve Tamaulipas ha llevado a escuelas de diferentes municipios de la entidad, la campa\u00f1a de concientizaci\u00f3n \u201cPi\u00e9nsalo Dos [&hellip;]<\/p>\n","protected":false},"author":1,"featured_media":2956,"comment_status":"open","ping_status":"open","sticky":false,"template":"","format":"standard","meta":{"footnotes":""},"categories":[53],"tags":[],"class_list":{"0":"post-2955","1":"post","2":"type-post","3":"status-publish","4":"format-standard","5":"has-post-thumbnail","7":"category-tamaulipas"},"amp_enabled":true,"_links":{"self":[{"href":"https:\/\/luisvaltierranoticias.com\/index.php?rest_route=\/wp\/v2\/posts\/2955","targetHints":{"allow":["GET"]}}],"collection":[{"href":"https:\/\/luisvaltierranoticias.com\/index.php?rest_route=\/wp\/v2\/posts"}],"about":[{"href":"https:\/\/luisvaltierranoticias.com\/index.php?rest_route=\/wp\/v2\/types\/post"}],"author":[{"embeddable":true,"href":"https:\/\/luisvaltierranoticias.com\/index.php?rest_route=\/wp\/v2\/users\/1"}],"replies":[{"embeddable":true,"href":"https:\/\/luisvaltierranoticias.com\/index.php?rest_route=%2Fwp%2Fv2%2Fcomments&post=2955"}],"version-history":[{"count":1,"href":"https:\/\/luisvaltierranoticias.com\/index.php?rest_route=\/wp\/v2\/posts\/2955\/revisions"}],"predecessor-version":[{"id":2957,"href":"https:\/\/luisvaltierranoticias.com\/index.php?rest_route=\/wp\/v2\/posts\/2955\/revisions\/2957"}],"wp:featuredmedia":[{"embeddable":true,"href":"https:\/\/luisvaltierranoticias.com\/index.php?rest_route=\/wp\/v2\/media\/2956"}],"wp:attachment":[{"href":"https:\/\/luisvaltierranoticias.com\/index.php?rest_route=%2Fwp%2Fv2%2Fmedia&parent=2955"}],"wp:term":[{"taxonomy":"category","embeddable":true,"href":"https:\/\/luisvaltierranoticias.com\/index.php?rest_route=%2Fwp%2Fv2%2Fcategories&post=2955"},{"taxonomy":"post_tag","embeddable":true,"href":"https:\/\/luisvaltierranoticias.com\/index.php?rest_route=%2Fwp%2Fv2%2Ftags&post=2955"}],"curies":[{"name":"wp","href":"https:\/\/api.w.org\/{rel}","templated":true}]}}