{"id":2939,"date":"2023-10-30T17:02:16","date_gmt":"2023-10-30T22:02:16","guid":{"rendered":"https:\/\/luisvaltierranoticias.com\/?p=2939"},"modified":"2023-10-30T17:02:18","modified_gmt":"2023-10-30T22:02:18","slug":"fortalece-servicios-publicos-primarios-mantenimiento-de-la-ciudad-con-cuadrillas-especiales","status":"publish","type":"post","link":"https:\/\/luisvaltierranoticias.com\/?p=2939","title":{"rendered":"FORTALECE SERVICIOS P\u00daBLICOS PRIMARIOS MANTENIMIENTO DE LA CIUDAD CON CUADRILLAS ESPECIALES"},"content":{"rendered":"\n<p>Por: Agencias <\/p>\n\n\n\n<p>Con la finalidad de eficientar los trabajos para mantener la imagen urbana de Nuevo Laredo, el Gobierno Municipal a trav\u00e9s de la Secretar\u00eda de Servicios P\u00fablicos Primarios (SSPP), realiz\u00f3 ajustes operativos en el \u00e1rea de parques y jardines, as\u00ed como en el departamento de conservaci\u00f3n y mantenimiento.<\/p>\n\n\n\n<p>Las cuadrillas antes trabajaban de lunes a viernes, ahora lo har\u00e1n hasta los domingos con una rotaci\u00f3n en los descansos y con horarios de 8:00 am a 4:00 pm.<\/p>\n\n\n\n<p>La alcaldesa Carmen Lilia Canturosas Villarreal, indic\u00f3 que se implement\u00f3 este programa permanente para mantener el aseo en las plazas, parques y dem\u00e1s espacios p\u00fablicos, tambi\u00e9n para intensificar la campa\u00f1a de bacheo los fines de semana.<\/p>\n\n\n\n<p>\u201cDesde el inicio de nuestra administraci\u00f3n hemos trabajado para darle a nuestros ciudadanos calles, alumbrado, parques, plazas y espacios dignos, gracias a la intensa labor rescatamos a Nuevo Laredo del rezago en el que se encontraba\u201d, se\u00f1al\u00f3.<\/p>\n\n\n\n<p>Reiter\u00f3 que ahora que se mejoraron las condiciones de vida para las familias, no se bajar\u00e1 la guardia y se redoblar\u00e1n los esfuerzos para mantener la ciudad en \u00f3ptimas condiciones.<\/p>\n\n\n\n<p>Por su parte, el secretario de SSPP, Even Arredondo Bravo, inform\u00f3 que los panteones municipales ya se encuentran listos para recibir a quienes visitar\u00e1n a sus difuntos por el D\u00eda de Muertos.<\/p>\n\n\n\n<p>\u201cMediante los programas permanentes de aseo, los neolaredenses podr\u00e1n visitar estos lugares y los encontrar\u00e1n en \u00f3ptimas condiciones, limpios y con muchas facilidades\u201d, asegur\u00f3.<\/p>\n\n\n\n<p>Dio a conocer que los horarios de visita para el 31 de octubre, 1 y 2 de noviembre, los panteones se encontrar\u00e1n abiertos desde las 8:00 AM hasta las 8:00 PM y que habr\u00e1 personal para orientar a los ciudadanos sobre la ubicaci\u00f3n de pipas de agua por si requieren de alguna limpieza en el \u00e1rea que descansan en paz sus familiares.<\/p>\n\n\n\n<p>Tambi\u00e9n mencion\u00f3 que la segunda etapa del programa \u201cNuevo Laredo se Prende\u201d est\u00e1 por concluir y como resultado, ya van m\u00e1s de 18 mil luminarias, mismas que dejaron de producir m\u00e1s de 2 mil 700 toneladas de di\u00f3xido de carbono de acuerdo a reportes de la Comisi\u00f3n Federal de Electricidad (CFE).<\/p>\n","protected":false},"excerpt":{"rendered":"<p>Por: Agencias Con la finalidad de eficientar los trabajos para mantener la imagen urbana de Nuevo Laredo, el Gobierno Municipal a trav\u00e9s de la Secretar\u00eda de Servicios P\u00fablicos Primarios (SSPP), realiz\u00f3 ajustes operativos en el \u00e1rea de parques y jardines, as\u00ed como en el departamento de conservaci\u00f3n y mantenimiento. Las cuadrillas antes trabajaban de lunes [&hellip;]<\/p>\n","protected":false},"author":1,"featured_media":2940,"comment_status":"open","ping_status":"open","sticky":false,"template":"","format":"standard","meta":{"footnotes":""},"categories":[31],"tags":[],"class_list":{"0":"post-2939","1":"post","2":"type-post","3":"status-publish","4":"format-standard","5":"has-post-thumbnail","7":"category-nuevo-laredo"},"amp_enabled":true,"_links":{"self":[{"href":"https:\/\/luisvaltierranoticias.com\/index.php?rest_route=\/wp\/v2\/posts\/2939","targetHints":{"allow":["GET"]}}],"collection":[{"href":"https:\/\/luisvaltierranoticias.com\/index.php?rest_route=\/wp\/v2\/posts"}],"about":[{"href":"https:\/\/luisvaltierranoticias.com\/index.php?rest_route=\/wp\/v2\/types\/post"}],"author":[{"embeddable":true,"href":"https:\/\/luisvaltierranoticias.com\/index.php?rest_route=\/wp\/v2\/users\/1"}],"replies":[{"embeddable":true,"href":"https:\/\/luisvaltierranoticias.com\/index.php?rest_route=%2Fwp%2Fv2%2Fcomments&post=2939"}],"version-history":[{"count":1,"href":"https:\/\/luisvaltierranoticias.com\/index.php?rest_route=\/wp\/v2\/posts\/2939\/revisions"}],"predecessor-version":[{"id":2941,"href":"https:\/\/luisvaltierranoticias.com\/index.php?rest_route=\/wp\/v2\/posts\/2939\/revisions\/2941"}],"wp:featuredmedia":[{"embeddable":true,"href":"https:\/\/luisvaltierranoticias.com\/index.php?rest_route=\/wp\/v2\/media\/2940"}],"wp:attachment":[{"href":"https:\/\/luisvaltierranoticias.com\/index.php?rest_route=%2Fwp%2Fv2%2Fmedia&parent=2939"}],"wp:term":[{"taxonomy":"category","embeddable":true,"href":"https:\/\/luisvaltierranoticias.com\/index.php?rest_route=%2Fwp%2Fv2%2Fcategories&post=2939"},{"taxonomy":"post_tag","embeddable":true,"href":"https:\/\/luisvaltierranoticias.com\/index.php?rest_route=%2Fwp%2Fv2%2Ftags&post=2939"}],"curies":[{"name":"wp","href":"https:\/\/api.w.org\/{rel}","templated":true}]}}