{"id":2517,"date":"2023-10-17T16:49:41","date_gmt":"2023-10-17T21:49:41","guid":{"rendered":"https:\/\/luisvaltierranoticias.com\/?p=2517"},"modified":"2023-10-17T16:49:42","modified_gmt":"2023-10-17T21:49:42","slug":"hermoso-volver-a-ver-teatros-llenos-en-tamaulipas-trio-los-panchos","status":"publish","type":"post","link":"https:\/\/luisvaltierranoticias.com\/?p=2517","title":{"rendered":"\u201cHermoso volver a ver teatros llenos en Tamaulipas: Tr\u00edo Los Panchos"},"content":{"rendered":"\n<p>Por: Agencias<\/p>\n\n\n\n<p>Ciudad Victoria, Tamaulipas.- Durante su participaci\u00f3n en el XXI Festival Internacional de la Costa del Seno Mexicano en la capital del estado, el famoso Tr\u00edo Los Panchos, acompa\u00f1ado por la soprano Marcela Chac\u00f3n y el tenor Dante Alcal\u00e1, coincidieron en reconocer la iniciativa del gobernador Am\u00e9rico Villarreal Anaya de \u201crevivir la m\u00fasica\u201d, a trav\u00e9s de la gran fiesta del arte y la cultura en Tamaulipas.<\/p>\n\n\n\n<p>\u201cAgradecer al se\u00f1or gobernador, al doctor Am\u00e9rico Villarreal, por su generosidad, por su iniciativa, por haber recordado esto que nos hace tanta falta, la cultura, la m\u00fasica, que es veh\u00edculo para el alma. Hermoso volver a ver teatros llenos en Tamaulipas\u201d, dijo el tenor Alcal\u00e1, en nombre de las voces y los m\u00fasicos con los que comparti\u00f3 escenario.<\/p>\n\n\n\n<p>El teatro Amalia Gonz\u00e1lez Caballero de Castillo Led\u00f3n del Centro Cultural Tamaulipas registr\u00f3 un lleno con asistentes de todas las edades, quienes acudieron al recital para disfrutar de m\u00e1s de 80 a\u00f1os de trayectoria musical del tr\u00edo.<\/p>\n\n\n\n<p>Los dirigidos por Gabi Vargas, virtuoso requinto y heredero de la tradici\u00f3n musical de Los Panchos, fundados por Alfredo Gil, abrieron la velada interpretando \u201cContigo\u201d, la cual fue ampliamente coreada y aplaudida por los asistentes al teatro.<\/p>\n\n\n\n<p>La noche sigui\u00f3 con \u201cNo me quieras tanto\u201d; \u201cContigo aprend\u00ed\u201d, del maestro Manzanero; \u201cCelos\u201d y \u201cObsesi\u00f3n\u201d, hasta \u201cEl reloj\u201d, compuesta por el tamaulipeco Roberto Cantoral.<\/p>\n\n\n\n<p>Como parte de su presentaci\u00f3n en el XXI Festival Internacional de la Costa del Seno Mexicano, organizado por el Instituto Tamaulipeco para la Cultura y las Artes, el tr\u00edo Los Panchos, acompa\u00f1ados por la soprano Marcela Chac\u00f3n y el tenor Dante Alcal\u00e1, tambi\u00e9n interpretar\u00e1n rom\u00e1nticos boleros en las ciudades de Reynosa, Matamoros y Nuevo Laredo, luego de ser un rotundo \u00e9xito en Tampico y Victoria.<\/p>\n","protected":false},"excerpt":{"rendered":"<p>Por: Agencias Ciudad Victoria, Tamaulipas.- Durante su participaci\u00f3n en el XXI Festival Internacional de la Costa del Seno Mexicano en la capital del estado, el famoso Tr\u00edo Los Panchos, acompa\u00f1ado por la soprano Marcela Chac\u00f3n y el tenor Dante Alcal\u00e1, coincidieron en reconocer la iniciativa del gobernador Am\u00e9rico Villarreal Anaya de \u201crevivir la m\u00fasica\u201d, a [&hellip;]<\/p>\n","protected":false},"author":1,"featured_media":2518,"comment_status":"open","ping_status":"open","sticky":false,"template":"","format":"standard","meta":{"footnotes":""},"categories":[53],"tags":[],"class_list":{"0":"post-2517","1":"post","2":"type-post","3":"status-publish","4":"format-standard","5":"has-post-thumbnail","7":"category-tamaulipas"},"amp_enabled":true,"_links":{"self":[{"href":"https:\/\/luisvaltierranoticias.com\/index.php?rest_route=\/wp\/v2\/posts\/2517","targetHints":{"allow":["GET"]}}],"collection":[{"href":"https:\/\/luisvaltierranoticias.com\/index.php?rest_route=\/wp\/v2\/posts"}],"about":[{"href":"https:\/\/luisvaltierranoticias.com\/index.php?rest_route=\/wp\/v2\/types\/post"}],"author":[{"embeddable":true,"href":"https:\/\/luisvaltierranoticias.com\/index.php?rest_route=\/wp\/v2\/users\/1"}],"replies":[{"embeddable":true,"href":"https:\/\/luisvaltierranoticias.com\/index.php?rest_route=%2Fwp%2Fv2%2Fcomments&post=2517"}],"version-history":[{"count":1,"href":"https:\/\/luisvaltierranoticias.com\/index.php?rest_route=\/wp\/v2\/posts\/2517\/revisions"}],"predecessor-version":[{"id":2519,"href":"https:\/\/luisvaltierranoticias.com\/index.php?rest_route=\/wp\/v2\/posts\/2517\/revisions\/2519"}],"wp:featuredmedia":[{"embeddable":true,"href":"https:\/\/luisvaltierranoticias.com\/index.php?rest_route=\/wp\/v2\/media\/2518"}],"wp:attachment":[{"href":"https:\/\/luisvaltierranoticias.com\/index.php?rest_route=%2Fwp%2Fv2%2Fmedia&parent=2517"}],"wp:term":[{"taxonomy":"category","embeddable":true,"href":"https:\/\/luisvaltierranoticias.com\/index.php?rest_route=%2Fwp%2Fv2%2Fcategories&post=2517"},{"taxonomy":"post_tag","embeddable":true,"href":"https:\/\/luisvaltierranoticias.com\/index.php?rest_route=%2Fwp%2Fv2%2Ftags&post=2517"}],"curies":[{"name":"wp","href":"https:\/\/api.w.org\/{rel}","templated":true}]}}