{"id":2514,"date":"2023-10-17T16:43:30","date_gmt":"2023-10-17T21:43:30","guid":{"rendered":"https:\/\/luisvaltierranoticias.com\/?p=2514"},"modified":"2023-10-17T16:43:32","modified_gmt":"2023-10-17T21:43:32","slug":"se-vacunan-adultos-mayores-en-centros-del-dif","status":"publish","type":"post","link":"https:\/\/luisvaltierranoticias.com\/?p=2514","title":{"rendered":"SE VACUNAN ADULTOS MAYORES EN CENTROS DEL DIF"},"content":{"rendered":"\n<p>Por: Staff | #NuevoLaredo #NLD #Laredo #Tamaulipas<\/p>\n\n\n\n<p>Como parte de la Campa\u00f1a Nacional de Vacunaci\u00f3n Anti-Influenza, m\u00e1s de 200 adultos mayores recibieron sus vacunas en los centros del DIF, en una jornada organizada por la Jurisdicci\u00f3n Sanitaria #V.<\/p>\n\n\n\n<p>La campa\u00f1a se llev\u00f3 a cabo en la Casa Club del Adulto Activo y en el Asilo Vida y Esperanza, con el objetivo de proteger a la poblaci\u00f3n m\u00e1s vulnerable durante la temporada invernal 2023-2024, brindando a los adultos mayores la oportunidad de acceder a la inmunizaci\u00f3n contra la influenza, el neumococo y el COVID-19.<\/p>\n\n\n\n<p>El director del sistema DIF, Jos\u00e9 Luis Pintado Gamboa destac\u00f3 el objetivo de esta campa\u00f1a nacional de la Secretar\u00eda de Salud y agradeci\u00f3 a la jurisdicci\u00f3n por acercarse para vacunar a los grupos vulnerables y de esta manera est\u00e9n protegidos durante la temporada invernal donde se incrementan las infecciones respiratorias.<\/p>\n\n\n\n<p>\u201cEs muy importante porque la vacunaci\u00f3n es una herramienta vital en la lucha contra enfermedades prevenibles y m\u00e1s en los grupos vulnerables, como los alumnos de los talleres de Casa Club y del asilo\u201d dijo Jos\u00e9 Luis Pintado Gamboa.<\/p>\n\n\n\n<p>Esta campa\u00f1a tiene como objetivo aplicar m\u00e1s de 54.6 millones de dosis en todo el pa\u00eds.<\/p>\n","protected":false},"excerpt":{"rendered":"<p>Por: Staff | #NuevoLaredo #NLD #Laredo #Tamaulipas Como parte de la Campa\u00f1a Nacional de Vacunaci\u00f3n Anti-Influenza, m\u00e1s de 200 adultos mayores recibieron sus vacunas en los centros del DIF, en una jornada organizada por la Jurisdicci\u00f3n Sanitaria #V. La campa\u00f1a se llev\u00f3 a cabo en la Casa Club del Adulto Activo y en el Asilo [&hellip;]<\/p>\n","protected":false},"author":1,"featured_media":2515,"comment_status":"open","ping_status":"open","sticky":false,"template":"","format":"standard","meta":{"footnotes":""},"categories":[31],"tags":[],"class_list":{"0":"post-2514","1":"post","2":"type-post","3":"status-publish","4":"format-standard","5":"has-post-thumbnail","7":"category-nuevo-laredo"},"amp_enabled":true,"_links":{"self":[{"href":"https:\/\/luisvaltierranoticias.com\/index.php?rest_route=\/wp\/v2\/posts\/2514","targetHints":{"allow":["GET"]}}],"collection":[{"href":"https:\/\/luisvaltierranoticias.com\/index.php?rest_route=\/wp\/v2\/posts"}],"about":[{"href":"https:\/\/luisvaltierranoticias.com\/index.php?rest_route=\/wp\/v2\/types\/post"}],"author":[{"embeddable":true,"href":"https:\/\/luisvaltierranoticias.com\/index.php?rest_route=\/wp\/v2\/users\/1"}],"replies":[{"embeddable":true,"href":"https:\/\/luisvaltierranoticias.com\/index.php?rest_route=%2Fwp%2Fv2%2Fcomments&post=2514"}],"version-history":[{"count":1,"href":"https:\/\/luisvaltierranoticias.com\/index.php?rest_route=\/wp\/v2\/posts\/2514\/revisions"}],"predecessor-version":[{"id":2516,"href":"https:\/\/luisvaltierranoticias.com\/index.php?rest_route=\/wp\/v2\/posts\/2514\/revisions\/2516"}],"wp:featuredmedia":[{"embeddable":true,"href":"https:\/\/luisvaltierranoticias.com\/index.php?rest_route=\/wp\/v2\/media\/2515"}],"wp:attachment":[{"href":"https:\/\/luisvaltierranoticias.com\/index.php?rest_route=%2Fwp%2Fv2%2Fmedia&parent=2514"}],"wp:term":[{"taxonomy":"category","embeddable":true,"href":"https:\/\/luisvaltierranoticias.com\/index.php?rest_route=%2Fwp%2Fv2%2Fcategories&post=2514"},{"taxonomy":"post_tag","embeddable":true,"href":"https:\/\/luisvaltierranoticias.com\/index.php?rest_route=%2Fwp%2Fv2%2Ftags&post=2514"}],"curies":[{"name":"wp","href":"https:\/\/api.w.org\/{rel}","templated":true}]}}