{"id":2511,"date":"2023-10-17T16:32:23","date_gmt":"2023-10-17T21:32:23","guid":{"rendered":"https:\/\/luisvaltierranoticias.com\/?p=2511"},"modified":"2023-10-17T16:32:25","modified_gmt":"2023-10-17T21:32:25","slug":"anuncia-gobierno-municipal-tercera-feria-de-empleo-con-mas-de-mil-vacantes","status":"publish","type":"post","link":"https:\/\/luisvaltierranoticias.com\/?p=2511","title":{"rendered":"ANUNCIA GOBIERNO MUNICIPAL TERCERA FERIA DE EMPLEO CON M\u00c1S DE MIL VACANTES"},"content":{"rendered":"\n<p>Por: Staff | #NuevoLaredo #NLD #Laredo #Tamaulipas<\/p>\n\n\n\n<p>Para fortalecer el indicador de la media nacional en generaci\u00f3n de empleos, el Gobierno Municipal a trav\u00e9s de la Secretar\u00eda de Desarrollo Econ\u00f3mico llevar\u00e1 a cabo la Tercera Feria de Empleo y a su vez, brindar a los neolaredenses una oportunidad laboral mediante 76 empresas que ofertar\u00e1n m\u00e1s de mil vacantes en este evento.<\/p>\n\n\n\n<p>La alcaldesa Carmen Lilia Canturosas Villarreal inform\u00f3 que esta feria de empleo tendr\u00e1 lugar en el Centro C\u00edvico \u201cCarlos Cant\u00fa Rosas\u201d e iniciar\u00e1 a las 9:00 AM y que la ciudadan\u00eda podr\u00e1 encontrar vacantes de empresas transportistas, de servicios, seguridad, comerciales, hospitales, entre otros.<\/p>\n","protected":false},"excerpt":{"rendered":"<p>Por: Staff | #NuevoLaredo #NLD #Laredo #Tamaulipas Para fortalecer el indicador de la media nacional en generaci\u00f3n de empleos, el Gobierno Municipal a trav\u00e9s de la Secretar\u00eda de Desarrollo Econ\u00f3mico llevar\u00e1 a cabo la Tercera Feria de Empleo y a su vez, brindar a los neolaredenses una oportunidad laboral mediante 76 empresas que ofertar\u00e1n m\u00e1s [&hellip;]<\/p>\n","protected":false},"author":1,"featured_media":2512,"comment_status":"open","ping_status":"open","sticky":false,"template":"","format":"standard","meta":{"footnotes":""},"categories":[31],"tags":[],"class_list":{"0":"post-2511","1":"post","2":"type-post","3":"status-publish","4":"format-standard","5":"has-post-thumbnail","7":"category-nuevo-laredo"},"amp_enabled":true,"_links":{"self":[{"href":"https:\/\/luisvaltierranoticias.com\/index.php?rest_route=\/wp\/v2\/posts\/2511","targetHints":{"allow":["GET"]}}],"collection":[{"href":"https:\/\/luisvaltierranoticias.com\/index.php?rest_route=\/wp\/v2\/posts"}],"about":[{"href":"https:\/\/luisvaltierranoticias.com\/index.php?rest_route=\/wp\/v2\/types\/post"}],"author":[{"embeddable":true,"href":"https:\/\/luisvaltierranoticias.com\/index.php?rest_route=\/wp\/v2\/users\/1"}],"replies":[{"embeddable":true,"href":"https:\/\/luisvaltierranoticias.com\/index.php?rest_route=%2Fwp%2Fv2%2Fcomments&post=2511"}],"version-history":[{"count":1,"href":"https:\/\/luisvaltierranoticias.com\/index.php?rest_route=\/wp\/v2\/posts\/2511\/revisions"}],"predecessor-version":[{"id":2513,"href":"https:\/\/luisvaltierranoticias.com\/index.php?rest_route=\/wp\/v2\/posts\/2511\/revisions\/2513"}],"wp:featuredmedia":[{"embeddable":true,"href":"https:\/\/luisvaltierranoticias.com\/index.php?rest_route=\/wp\/v2\/media\/2512"}],"wp:attachment":[{"href":"https:\/\/luisvaltierranoticias.com\/index.php?rest_route=%2Fwp%2Fv2%2Fmedia&parent=2511"}],"wp:term":[{"taxonomy":"category","embeddable":true,"href":"https:\/\/luisvaltierranoticias.com\/index.php?rest_route=%2Fwp%2Fv2%2Fcategories&post=2511"},{"taxonomy":"post_tag","embeddable":true,"href":"https:\/\/luisvaltierranoticias.com\/index.php?rest_route=%2Fwp%2Fv2%2Ftags&post=2511"}],"curies":[{"name":"wp","href":"https:\/\/api.w.org\/{rel}","templated":true}]}}