{"id":2508,"date":"2023-10-17T14:55:23","date_gmt":"2023-10-17T19:55:23","guid":{"rendered":"https:\/\/luisvaltierranoticias.com\/?p=2508"},"modified":"2023-10-17T14:55:25","modified_gmt":"2023-10-17T19:55:25","slug":"familias-disfrutan-de-espectaculo-folclorico-en-el-centro-cultural","status":"publish","type":"post","link":"https:\/\/luisvaltierranoticias.com\/?p=2508","title":{"rendered":"FAMILIAS DISFRUTAN DE ESPECT\u00c1CULO FOLCL\u00d3RICO EN EL CENTRO CULTURAL"},"content":{"rendered":"\n<p>Por: Staff | #NuevoLaredo #NLD #Laredo #Tamaulipas<\/p>\n\n\n\n<p>Decenas de neolaredenses se dieron cita en el Teatro Principal del Centro Cultural para disfrutar de la presentaci\u00f3n del Ballet Folcl\u00f3rico Nacional de Silvia Lozano en el Festival Internacional de la Costa del Seno Mexicano.<\/p>\n\n\n\n<p>Ah\u00ed las familias tuvieron la oportunidad de ver a los bailarines en acci\u00f3n y disfrutar de sus actuaciones.<\/p>\n\n\n\n<p>Este martes a partir de las 7:00 de la tarde la poblaci\u00f3n podr\u00e1 disfrutar de la soprano Anabel de la Mora con \u201cCaprichos y 17 Espa\u00f1oler\u00edas\u201d, para este evento es necesario entrar con boleto los cuales se entregan gratuitamente en anexo a presidencia en el m\u00f3dulo del CIGA.<\/p>\n\n\n\n<p>Mientras que en la Explanada de la Independencia de 6:00 de la tarde a 9:00 de la noche se presentar\u00e1 la cantante Mar\u00eda Obreg\u00f3n Garc\u00eda y Paola; el Grupo de Danza Folkl\u00f3rica de la Casa de la Cultura Viveros; y Cristian Rico y los del Fara-Fara en concierto con m\u00fasica norte\u00f1o banda.<\/p>\n","protected":false},"excerpt":{"rendered":"<p>Por: Staff | #NuevoLaredo #NLD #Laredo #Tamaulipas Decenas de neolaredenses se dieron cita en el Teatro Principal del Centro Cultural para disfrutar de la presentaci\u00f3n del Ballet Folcl\u00f3rico Nacional de Silvia Lozano en el Festival Internacional de la Costa del Seno Mexicano. Ah\u00ed las familias tuvieron la oportunidad de ver a los bailarines en acci\u00f3n [&hellip;]<\/p>\n","protected":false},"author":1,"featured_media":2509,"comment_status":"open","ping_status":"open","sticky":false,"template":"","format":"standard","meta":{"footnotes":""},"categories":[31],"tags":[],"class_list":{"0":"post-2508","1":"post","2":"type-post","3":"status-publish","4":"format-standard","5":"has-post-thumbnail","7":"category-nuevo-laredo"},"amp_enabled":true,"_links":{"self":[{"href":"https:\/\/luisvaltierranoticias.com\/index.php?rest_route=\/wp\/v2\/posts\/2508","targetHints":{"allow":["GET"]}}],"collection":[{"href":"https:\/\/luisvaltierranoticias.com\/index.php?rest_route=\/wp\/v2\/posts"}],"about":[{"href":"https:\/\/luisvaltierranoticias.com\/index.php?rest_route=\/wp\/v2\/types\/post"}],"author":[{"embeddable":true,"href":"https:\/\/luisvaltierranoticias.com\/index.php?rest_route=\/wp\/v2\/users\/1"}],"replies":[{"embeddable":true,"href":"https:\/\/luisvaltierranoticias.com\/index.php?rest_route=%2Fwp%2Fv2%2Fcomments&post=2508"}],"version-history":[{"count":1,"href":"https:\/\/luisvaltierranoticias.com\/index.php?rest_route=\/wp\/v2\/posts\/2508\/revisions"}],"predecessor-version":[{"id":2510,"href":"https:\/\/luisvaltierranoticias.com\/index.php?rest_route=\/wp\/v2\/posts\/2508\/revisions\/2510"}],"wp:featuredmedia":[{"embeddable":true,"href":"https:\/\/luisvaltierranoticias.com\/index.php?rest_route=\/wp\/v2\/media\/2509"}],"wp:attachment":[{"href":"https:\/\/luisvaltierranoticias.com\/index.php?rest_route=%2Fwp%2Fv2%2Fmedia&parent=2508"}],"wp:term":[{"taxonomy":"category","embeddable":true,"href":"https:\/\/luisvaltierranoticias.com\/index.php?rest_route=%2Fwp%2Fv2%2Fcategories&post=2508"},{"taxonomy":"post_tag","embeddable":true,"href":"https:\/\/luisvaltierranoticias.com\/index.php?rest_route=%2Fwp%2Fv2%2Ftags&post=2508"}],"curies":[{"name":"wp","href":"https:\/\/api.w.org\/{rel}","templated":true}]}}