{"id":2495,"date":"2023-10-17T14:31:56","date_gmt":"2023-10-17T19:31:56","guid":{"rendered":"https:\/\/luisvaltierranoticias.com\/?p=2495"},"modified":"2023-10-17T14:31:58","modified_gmt":"2023-10-17T19:31:58","slug":"lleva-dif-tamaulipas-la-feria-mercado-de-alimentos-a-reynosa","status":"publish","type":"post","link":"https:\/\/luisvaltierranoticias.com\/?p=2495","title":{"rendered":"Lleva DIF Tamaulipas la Feria Mercado de Alimentos a Reynosa"},"content":{"rendered":"\n<p>-Beneficia a m\u00e1s de mil 500 familias en el oriente de la ciudad<\/p>\n\n\n\n<p>Por: Agencias <\/p>\n\n\n\n<p>Reynosa, Tamaulipas.- Dentro de la conmemoraci\u00f3n del D\u00eda Mundial de la Alimentaci\u00f3n, el Sistema DIF Tamaulipas que preside la doctora Mar\u00eda Santiago de Villarreal, junto a la Secretar\u00eda de Desarrollo Rural Pesca y Acuacultura, trajeron hasta esta ciudad la Feria Mercado de Alimentos \u201cCome bien, vive bien\u201d.<\/p>\n\n\n\n<p>En esta actividad, los habitantes del sector oriente tuvieron acceso a productos de la canasta b\u00e1sica con un subsidio de hasta un 75 por ciento. Harina de ma\u00edz, arroz, aceite comestible, queso, chorizo, as\u00ed como verduras y hortalizas frescas de la regi\u00f3n, fueron complementadas por pescado fresco para los asistentes.<\/p>\n\n\n\n<p>\u201cLa instrucci\u00f3n que nos ha dado el gobernador Am\u00e9rico Villarreal Anaya y nuestra presidenta la doctora Mar\u00eda Santiago de Villarreal es de trabajar unidos, hoy como nunca antes el gobierno trabaja para el beneficio de Tamaulipas y en este caso, de Reynosa\u201d, afirm\u00f3 Geancarlo Bonetta Cavazos, director general del DIF Estatal.<\/p>\n\n\n\n<p>Este evento sirvi\u00f3 adem\u00e1s para que los asistentes expresaran sus necesidades y recibieran orientaci\u00f3n sobre diferentes servicios que otorga tanto el DIF Tamaulipas como el Gobierno del Estado, reiterando la vocaci\u00f3n humanista y de buena voluntad de la actual administraci\u00f3n estatal.<\/p>\n","protected":false},"excerpt":{"rendered":"<p>-Beneficia a m\u00e1s de mil 500 familias en el oriente de la ciudad Por: Agencias Reynosa, Tamaulipas.- Dentro de la conmemoraci\u00f3n del D\u00eda Mundial de la Alimentaci\u00f3n, el Sistema DIF Tamaulipas que preside la doctora Mar\u00eda Santiago de Villarreal, junto a la Secretar\u00eda de Desarrollo Rural Pesca y Acuacultura, trajeron hasta esta ciudad la Feria [&hellip;]<\/p>\n","protected":false},"author":1,"featured_media":2496,"comment_status":"open","ping_status":"open","sticky":false,"template":"","format":"standard","meta":{"footnotes":""},"categories":[53],"tags":[],"class_list":{"0":"post-2495","1":"post","2":"type-post","3":"status-publish","4":"format-standard","5":"has-post-thumbnail","7":"category-tamaulipas"},"amp_enabled":true,"_links":{"self":[{"href":"https:\/\/luisvaltierranoticias.com\/index.php?rest_route=\/wp\/v2\/posts\/2495","targetHints":{"allow":["GET"]}}],"collection":[{"href":"https:\/\/luisvaltierranoticias.com\/index.php?rest_route=\/wp\/v2\/posts"}],"about":[{"href":"https:\/\/luisvaltierranoticias.com\/index.php?rest_route=\/wp\/v2\/types\/post"}],"author":[{"embeddable":true,"href":"https:\/\/luisvaltierranoticias.com\/index.php?rest_route=\/wp\/v2\/users\/1"}],"replies":[{"embeddable":true,"href":"https:\/\/luisvaltierranoticias.com\/index.php?rest_route=%2Fwp%2Fv2%2Fcomments&post=2495"}],"version-history":[{"count":1,"href":"https:\/\/luisvaltierranoticias.com\/index.php?rest_route=\/wp\/v2\/posts\/2495\/revisions"}],"predecessor-version":[{"id":2497,"href":"https:\/\/luisvaltierranoticias.com\/index.php?rest_route=\/wp\/v2\/posts\/2495\/revisions\/2497"}],"wp:featuredmedia":[{"embeddable":true,"href":"https:\/\/luisvaltierranoticias.com\/index.php?rest_route=\/wp\/v2\/media\/2496"}],"wp:attachment":[{"href":"https:\/\/luisvaltierranoticias.com\/index.php?rest_route=%2Fwp%2Fv2%2Fmedia&parent=2495"}],"wp:term":[{"taxonomy":"category","embeddable":true,"href":"https:\/\/luisvaltierranoticias.com\/index.php?rest_route=%2Fwp%2Fv2%2Fcategories&post=2495"},{"taxonomy":"post_tag","embeddable":true,"href":"https:\/\/luisvaltierranoticias.com\/index.php?rest_route=%2Fwp%2Fv2%2Ftags&post=2495"}],"curies":[{"name":"wp","href":"https:\/\/api.w.org\/{rel}","templated":true}]}}