{"id":2488,"date":"2023-10-16T16:49:44","date_gmt":"2023-10-16T21:49:44","guid":{"rendered":"https:\/\/luisvaltierranoticias.com\/?p=2488"},"modified":"2023-10-16T16:49:46","modified_gmt":"2023-10-16T21:49:46","slug":"impulsa-gobierno-municipal-y-estatal-desarrollo-de-negocios-locales-financian-a-100-emprendedores","status":"publish","type":"post","link":"https:\/\/luisvaltierranoticias.com\/?p=2488","title":{"rendered":"IMPULSA GOBIERNO MUNICIPAL Y ESTATAL DESARROLLO DE NEGOCIOS LOCALES: FINANCIAN A 100 EMPRENDEDORES"},"content":{"rendered":"\n<p>Por: Staff | #NuevoLaredo #Tamaulipas<\/p>\n\n\n\n<p>Un monto de 193 millones de pesos en cr\u00e9ditos se han destinado con el programa \u201cImpulso Econ\u00f3mico de Nuevo Laredo\u201d, de los cuales se han ejercido hasta el momento 49.9 millones.<\/p>\n\n\n\n<p>La alcaldesa Carmen Lilia Canturosas Villarreal, coment\u00f3 que el Gobierno Municipal ha recibido un total de 100 solicitudes para acceder al programa que lleva a cabo en conjunto con el Gobierno Estatal.<\/p>\n\n\n\n<p>Explic\u00f3 que ese total de cr\u00e9ditos solicitados asciende a 193 millones de pesos, de los cuales 49.9 millones ya se han depositado a los solicitantes.<\/p>\n\n\n\n<p>Indic\u00f3 que mediante este programa de cr\u00e9ditos se fortalece la generaci\u00f3n de nuevos proyectos y oportunidades laborales con pr\u00e9stamos a plazos de hasta cinco a\u00f1os que tienen una c\u00f3moda tasa anual del 14.75%.<\/p>\n\n\n\n<p>\u201cEra un tema pendiente que ten\u00edamos con las PYMES y ya es una realidad este apoyo para los negocios locales. Esta colaboraci\u00f3n no es m\u00e1s que otro beneficio que gestionamos para los diferentes sectores de nuestra sociedad y de esta forma, impulsamos la econom\u00eda de la ciudad y mejoramos la calidad de vida de los neolaredenses con oportunidades de mejorar y cristalizar su emprendimiento\u201d, se\u00f1al\u00f3.<\/p>\n\n\n\n<p>Inform\u00f3 que se cuenta con una bolsa de 313 millones de pesos destinados para apoyar a los negocios locales gracias a la colaboraci\u00f3n entre el Municipio, Estado y Nacional Financiera.<\/p>\n\n\n\n<p>Agradeci\u00f3 al gobernador Am\u00e9rico Villarreal Anaya por llevar a cabo esta iniciativa que abona al <strong>buen momento<\/strong> econ\u00f3mico que atraviesa la ciudad y que incentiva a los emprendedores para que hagan crecer sus negocios.<\/p>\n\n\n\n<p>A trav\u00e9s del programa \u201cImpulso Econ\u00f3mico\u201d se ofertan cr\u00e9ditos de 500 mil hasta 5 millones de pesos para emprendedores, peque\u00f1as y medianas empresas con la finalidad de fortalecer los negocios locales.<\/p>\n\n\n\n<p>Para ser acreedor a un cr\u00e9dito es necesario ser una persona f\u00edsica con actividad empresarial, personas morales y R\u00e9gimen de Incorporaci\u00f3n Fiscal (RIF).<\/p>\n\n\n\n<p>Para m\u00e1s informaci\u00f3n acudir a las instalaciones de la Secretar\u00eda Municipal de Desarrollo Econ\u00f3mico ubicadas dentro del antiguo Banco Longoria en un horario de lunes a viernes desde las 8:00 AM a 3:30 PM.<\/p>\n","protected":false},"excerpt":{"rendered":"<p>Por: Staff | #NuevoLaredo #Tamaulipas Un monto de 193 millones de pesos en cr\u00e9ditos se han destinado con el programa \u201cImpulso Econ\u00f3mico de Nuevo Laredo\u201d, de los cuales se han ejercido hasta el momento 49.9 millones. La alcaldesa Carmen Lilia Canturosas Villarreal, coment\u00f3 que el Gobierno Municipal ha recibido un total de 100 solicitudes para [&hellip;]<\/p>\n","protected":false},"author":1,"featured_media":2489,"comment_status":"open","ping_status":"open","sticky":false,"template":"","format":"standard","meta":{"footnotes":""},"categories":[31],"tags":[],"class_list":{"0":"post-2488","1":"post","2":"type-post","3":"status-publish","4":"format-standard","5":"has-post-thumbnail","7":"category-nuevo-laredo"},"amp_enabled":true,"_links":{"self":[{"href":"https:\/\/luisvaltierranoticias.com\/index.php?rest_route=\/wp\/v2\/posts\/2488","targetHints":{"allow":["GET"]}}],"collection":[{"href":"https:\/\/luisvaltierranoticias.com\/index.php?rest_route=\/wp\/v2\/posts"}],"about":[{"href":"https:\/\/luisvaltierranoticias.com\/index.php?rest_route=\/wp\/v2\/types\/post"}],"author":[{"embeddable":true,"href":"https:\/\/luisvaltierranoticias.com\/index.php?rest_route=\/wp\/v2\/users\/1"}],"replies":[{"embeddable":true,"href":"https:\/\/luisvaltierranoticias.com\/index.php?rest_route=%2Fwp%2Fv2%2Fcomments&post=2488"}],"version-history":[{"count":1,"href":"https:\/\/luisvaltierranoticias.com\/index.php?rest_route=\/wp\/v2\/posts\/2488\/revisions"}],"predecessor-version":[{"id":2490,"href":"https:\/\/luisvaltierranoticias.com\/index.php?rest_route=\/wp\/v2\/posts\/2488\/revisions\/2490"}],"wp:featuredmedia":[{"embeddable":true,"href":"https:\/\/luisvaltierranoticias.com\/index.php?rest_route=\/wp\/v2\/media\/2489"}],"wp:attachment":[{"href":"https:\/\/luisvaltierranoticias.com\/index.php?rest_route=%2Fwp%2Fv2%2Fmedia&parent=2488"}],"wp:term":[{"taxonomy":"category","embeddable":true,"href":"https:\/\/luisvaltierranoticias.com\/index.php?rest_route=%2Fwp%2Fv2%2Fcategories&post=2488"},{"taxonomy":"post_tag","embeddable":true,"href":"https:\/\/luisvaltierranoticias.com\/index.php?rest_route=%2Fwp%2Fv2%2Ftags&post=2488"}],"curies":[{"name":"wp","href":"https:\/\/api.w.org\/{rel}","templated":true}]}}