{"id":2485,"date":"2023-10-16T16:25:57","date_gmt":"2023-10-16T21:25:57","guid":{"rendered":"https:\/\/luisvaltierranoticias.com\/?p=2485"},"modified":"2023-10-16T16:25:59","modified_gmt":"2023-10-16T21:25:59","slug":"se-unen-gobierno-municipal-y-grupos-rescatistas-para-llevar-a-cabo-feria-de-adopcion","status":"publish","type":"post","link":"https:\/\/luisvaltierranoticias.com\/?p=2485","title":{"rendered":"SE UNEN GOBIERNO MUNICIPAL Y GRUPOS RESCATISTAS PARA LLEVAR A CABO FERIA DE ADOPCI\u00d3N"},"content":{"rendered":"\n<p>Por: Staff | #NuevoLaredo #Tamaulipas<\/p>\n\n\n\n<p>En conjunto con cuatro grupos rescatistas, el Gobierno Municipal llev\u00f3 a cabo una Feria de Adopci\u00f3n con el objetivo de brindarle un hogar a 30 perros y gatos que se encontraban en situaci\u00f3n de abandono.<\/p>\n\n\n\n<p>El coordinador operativo de la secretar\u00eda de Bienestar Social municipal, Pablo Garza Elizalde, destac\u00f3 que todas las mascotas se encontraban vacunadas y esterilizadas, lo que representa un ahorro econ\u00f3mico y previene la reproducci\u00f3n.<\/p>\n\n\n\n<p>\u201cEl proceso de adopci\u00f3n es muy formal, el ciudadano debe de realizar una solicitud adem\u00e1s de que se le hace una entrevista para saber que el animal en cuesti\u00f3n tendr\u00e1 un hogar digno donde recibir\u00e1 amor y una buena vida\u201d, se\u00f1al\u00f3.<\/p>\n\n\n\n<p>Por otro lado, la rescatista F\u00e1tima Odalys Rodr\u00edguez Moreno, explic\u00f3 que se dedica a atender a las mascotas en situaci\u00f3n de calle en zonas aleda\u00f1as a su vivienda.<\/p>\n\n\n\n<p>\u201cDesde el principio el Gobierno Municipal nos apoy\u00f3 con lo necesario, ahora nos brindaron este espacio para poner en adopci\u00f3n las mascotas que rescatamos y eso nos da la oportunidad de tener nuevos animales de la calle con nosotros y as\u00ed combatir poco a poco la situaci\u00f3n de abandono de mascotas\u201d, expres\u00f3.<\/p>\n\n\n\n<p>Por su parte, Mar\u00eda Rodr\u00edguez Palacios, tambi\u00e9n rescatista destac\u00f3 que en su grupo mantienen a los animales en hogares temporales mientras se gestionan las adopciones de las mascotas en hogares donde tendr\u00e1n una vida plena y segura.<\/p>\n\n\n\n<p>\u201cEl apoyo del gobierno fue bueno, nos ayudaron a esterilizar a los animales que rescatamos y en esta iniciativa podemos darle la oportunidad a estos perros y gatos de pasar a vivir en la calle sufriendo de las inclemencias del clima a que est\u00e9n bajo un techo donde les dan amor y cuidados\u201d, manifest\u00f3.<\/p>\n\n\n\n<p>La Feria de Adopci\u00f3n se realiz\u00f3 en la Plaza Zaragoza desde las 10:00 AM hasta las 6:00 PM.<\/p>\n","protected":false},"excerpt":{"rendered":"<p>Por: Staff | #NuevoLaredo #Tamaulipas En conjunto con cuatro grupos rescatistas, el Gobierno Municipal llev\u00f3 a cabo una Feria de Adopci\u00f3n con el objetivo de brindarle un hogar a 30 perros y gatos que se encontraban en situaci\u00f3n de abandono. El coordinador operativo de la secretar\u00eda de Bienestar Social municipal, Pablo Garza Elizalde, destac\u00f3 que [&hellip;]<\/p>\n","protected":false},"author":1,"featured_media":2486,"comment_status":"open","ping_status":"open","sticky":false,"template":"","format":"standard","meta":{"footnotes":""},"categories":[31],"tags":[],"class_list":{"0":"post-2485","1":"post","2":"type-post","3":"status-publish","4":"format-standard","5":"has-post-thumbnail","7":"category-nuevo-laredo"},"amp_enabled":true,"_links":{"self":[{"href":"https:\/\/luisvaltierranoticias.com\/index.php?rest_route=\/wp\/v2\/posts\/2485","targetHints":{"allow":["GET"]}}],"collection":[{"href":"https:\/\/luisvaltierranoticias.com\/index.php?rest_route=\/wp\/v2\/posts"}],"about":[{"href":"https:\/\/luisvaltierranoticias.com\/index.php?rest_route=\/wp\/v2\/types\/post"}],"author":[{"embeddable":true,"href":"https:\/\/luisvaltierranoticias.com\/index.php?rest_route=\/wp\/v2\/users\/1"}],"replies":[{"embeddable":true,"href":"https:\/\/luisvaltierranoticias.com\/index.php?rest_route=%2Fwp%2Fv2%2Fcomments&post=2485"}],"version-history":[{"count":1,"href":"https:\/\/luisvaltierranoticias.com\/index.php?rest_route=\/wp\/v2\/posts\/2485\/revisions"}],"predecessor-version":[{"id":2487,"href":"https:\/\/luisvaltierranoticias.com\/index.php?rest_route=\/wp\/v2\/posts\/2485\/revisions\/2487"}],"wp:featuredmedia":[{"embeddable":true,"href":"https:\/\/luisvaltierranoticias.com\/index.php?rest_route=\/wp\/v2\/media\/2486"}],"wp:attachment":[{"href":"https:\/\/luisvaltierranoticias.com\/index.php?rest_route=%2Fwp%2Fv2%2Fmedia&parent=2485"}],"wp:term":[{"taxonomy":"category","embeddable":true,"href":"https:\/\/luisvaltierranoticias.com\/index.php?rest_route=%2Fwp%2Fv2%2Fcategories&post=2485"},{"taxonomy":"post_tag","embeddable":true,"href":"https:\/\/luisvaltierranoticias.com\/index.php?rest_route=%2Fwp%2Fv2%2Ftags&post=2485"}],"curies":[{"name":"wp","href":"https:\/\/api.w.org\/{rel}","templated":true}]}}