{"id":2473,"date":"2023-10-16T15:15:00","date_gmt":"2023-10-16T20:15:00","guid":{"rendered":"https:\/\/luisvaltierranoticias.com\/?p=2473"},"modified":"2023-10-16T15:15:03","modified_gmt":"2023-10-16T20:15:03","slug":"inicia-campana-de-canje-de-armas-en-nuevo-laredo-invitan-a-ciudadania-a-participar","status":"publish","type":"post","link":"https:\/\/luisvaltierranoticias.com\/?p=2473","title":{"rendered":"INICIA CAMPA\u00d1A DE \u201cCANJE DE ARMAS\u201d EN NUEVO LAREDO; INVITAN A CIUDADAN\u00cdA A PARTICIPAR"},"content":{"rendered":"\n<p>Por: Staff | #NuevoLaredo #Tamaulipas<\/p>\n\n\n\n<p>En el marco de la cultura para prevenir accidentes y la no violencia, el Gobierno Municipal en conjunto de la Secretar\u00eda de la Defensa Nacional (SEDENA), lleva a cabo una edici\u00f3n m\u00e1s de la campa\u00f1a \u201ccanje de armas\u201d.<\/p>\n\n\n\n<p>Esta campa\u00f1a estar\u00e1 vigente hasta el 30 de octubre y la ciudadan\u00eda podr\u00e1 entregar armas de fuego de cualquier calibre y munici\u00f3n de todo tipo.<\/p>\n\n\n\n<p>El secretario del Ayuntamiento, Rolando Mart\u00edn Guevara Gonz\u00e1lez, inform\u00f3 que de acuerdo al canje, se entregar\u00e1 un est\u00edmulo econ\u00f3mico que va desde 800 hasta cinco mil pesos.<\/p>\n\n\n\n<p>\u201cLa entrega de armas de fuego y munici\u00f3n es totalmente an\u00f3nima, s\u00f3lo se debe acercar el ciudadano con lo que canjear\u00e1 y no se le cuestionar\u00e1 sobre la posesi\u00f3n del art\u00edculo. En ese mismo instante el personal militar proceder\u00e1 a la destrucci\u00f3n de lo entregado\u201d, explic\u00f3.<\/p>\n\n\n\n<p>Coment\u00f3 que esta campa\u00f1a tambi\u00e9n sirve para fomentar una cultura de paz en el municipio y liberar a los hogares de estos aparatos b\u00e9licos que en un descuido pueden provocar accidentes.<\/p>\n\n\n\n<p>La ciudadan\u00eda puede acudir a entregar las armas o municiones a la Explanada Esteban Baca Calder\u00f3n de lunes a viernes con un horario de 10:00 AM a 1:00 PM.<\/p>\n","protected":false},"excerpt":{"rendered":"<p>Por: Staff | #NuevoLaredo #Tamaulipas En el marco de la cultura para prevenir accidentes y la no violencia, el Gobierno Municipal en conjunto de la Secretar\u00eda de la Defensa Nacional (SEDENA), lleva a cabo una edici\u00f3n m\u00e1s de la campa\u00f1a \u201ccanje de armas\u201d. Esta campa\u00f1a estar\u00e1 vigente hasta el 30 de octubre y la ciudadan\u00eda [&hellip;]<\/p>\n","protected":false},"author":1,"featured_media":2474,"comment_status":"open","ping_status":"open","sticky":false,"template":"","format":"standard","meta":{"footnotes":""},"categories":[31],"tags":[],"class_list":{"0":"post-2473","1":"post","2":"type-post","3":"status-publish","4":"format-standard","5":"has-post-thumbnail","7":"category-nuevo-laredo"},"amp_enabled":true,"_links":{"self":[{"href":"https:\/\/luisvaltierranoticias.com\/index.php?rest_route=\/wp\/v2\/posts\/2473","targetHints":{"allow":["GET"]}}],"collection":[{"href":"https:\/\/luisvaltierranoticias.com\/index.php?rest_route=\/wp\/v2\/posts"}],"about":[{"href":"https:\/\/luisvaltierranoticias.com\/index.php?rest_route=\/wp\/v2\/types\/post"}],"author":[{"embeddable":true,"href":"https:\/\/luisvaltierranoticias.com\/index.php?rest_route=\/wp\/v2\/users\/1"}],"replies":[{"embeddable":true,"href":"https:\/\/luisvaltierranoticias.com\/index.php?rest_route=%2Fwp%2Fv2%2Fcomments&post=2473"}],"version-history":[{"count":1,"href":"https:\/\/luisvaltierranoticias.com\/index.php?rest_route=\/wp\/v2\/posts\/2473\/revisions"}],"predecessor-version":[{"id":2475,"href":"https:\/\/luisvaltierranoticias.com\/index.php?rest_route=\/wp\/v2\/posts\/2473\/revisions\/2475"}],"wp:featuredmedia":[{"embeddable":true,"href":"https:\/\/luisvaltierranoticias.com\/index.php?rest_route=\/wp\/v2\/media\/2474"}],"wp:attachment":[{"href":"https:\/\/luisvaltierranoticias.com\/index.php?rest_route=%2Fwp%2Fv2%2Fmedia&parent=2473"}],"wp:term":[{"taxonomy":"category","embeddable":true,"href":"https:\/\/luisvaltierranoticias.com\/index.php?rest_route=%2Fwp%2Fv2%2Fcategories&post=2473"},{"taxonomy":"post_tag","embeddable":true,"href":"https:\/\/luisvaltierranoticias.com\/index.php?rest_route=%2Fwp%2Fv2%2Ftags&post=2473"}],"curies":[{"name":"wp","href":"https:\/\/api.w.org\/{rel}","templated":true}]}}