{"id":2470,"date":"2023-10-16T15:02:00","date_gmt":"2023-10-16T20:02:00","guid":{"rendered":"https:\/\/luisvaltierranoticias.com\/?p=2470"},"modified":"2023-10-16T15:02:02","modified_gmt":"2023-10-16T20:02:02","slug":"invitan-a-donar-cabello-para-pacientes-con-cancer","status":"publish","type":"post","link":"https:\/\/luisvaltierranoticias.com\/?p=2470","title":{"rendered":"INVITAN A DONAR CABELLO PARA PACIENTES CON C\u00c1NCER"},"content":{"rendered":"\n<p>Por: Staff | #NuevoLaredo #Tamaulipas<\/p>\n\n\n\n<p>El Gobierno Municipal, a trav\u00e9s de la Secretar\u00eda de Bienestar Social invita a la ciudadan\u00eda a donar cabello para la elaboraci\u00f3n de pelucas para pacientes con c\u00e1ncer.<\/p>\n\n\n\n<p>La entrega del cabello se har\u00e1 en las diversas cl\u00ednicas UNE de la ciudad, de acuerdo con las siguientes indicaciones: el pelo no deber\u00e1 estar decolorado, ni chino, sin tratamientos o cremas, ni maltratado.<\/p>\n\n\n\n<p>El cabello deber\u00e1 estar trenzado y sujeto por ambos extremos, entregarse dentro de una bolsas herm\u00e9tica o sobre.<\/p>\n\n\n\n<p>De esta manera, el Gobierno municipal se une a las actividades para la sensibilizaci\u00f3n de la lucha contra el c\u00e1ncer de mama en las mujeres.<\/p>\n\n\n\n<p>El horario de las Cl\u00ednicas UNE es de 8:00 de la ma\u00f1ana a 3:30 de la tarde y est\u00e1n ubicadas en las siguientes colonias:<\/p>\n\n\n\n<p>En la calle Art\u00edculo 6 entre Prometeo y Articulo 123, colonia Toboganes; Monte Olimpo entre Esfinge e Himeneo, colonia el Progreso; R\u00edo Grijalva y R\u00edo Churubusco, colonia El Campanario; Guanajuato y Tamaulipas, colonia Palmares.<\/p>\n\n\n\n<p>En avenida Vencedor entre Canad\u00e1 y Diploma, colonia Los Olivos II; avenida Vencedor, colonia Primero de Mayo; Nogales entre Durazno y Ciruelos, colonia Valles del Para\u00edso; y Quirino Mendoza n\u00famero 4815, colonia Santa Cecilia.<\/p>\n","protected":false},"excerpt":{"rendered":"<p>Por: Staff | #NuevoLaredo #Tamaulipas El Gobierno Municipal, a trav\u00e9s de la Secretar\u00eda de Bienestar Social invita a la ciudadan\u00eda a donar cabello para la elaboraci\u00f3n de pelucas para pacientes con c\u00e1ncer. La entrega del cabello se har\u00e1 en las diversas cl\u00ednicas UNE de la ciudad, de acuerdo con las siguientes indicaciones: el pelo no [&hellip;]<\/p>\n","protected":false},"author":1,"featured_media":2471,"comment_status":"open","ping_status":"open","sticky":false,"template":"","format":"standard","meta":{"footnotes":""},"categories":[31],"tags":[],"class_list":{"0":"post-2470","1":"post","2":"type-post","3":"status-publish","4":"format-standard","5":"has-post-thumbnail","7":"category-nuevo-laredo"},"amp_enabled":true,"_links":{"self":[{"href":"https:\/\/luisvaltierranoticias.com\/index.php?rest_route=\/wp\/v2\/posts\/2470","targetHints":{"allow":["GET"]}}],"collection":[{"href":"https:\/\/luisvaltierranoticias.com\/index.php?rest_route=\/wp\/v2\/posts"}],"about":[{"href":"https:\/\/luisvaltierranoticias.com\/index.php?rest_route=\/wp\/v2\/types\/post"}],"author":[{"embeddable":true,"href":"https:\/\/luisvaltierranoticias.com\/index.php?rest_route=\/wp\/v2\/users\/1"}],"replies":[{"embeddable":true,"href":"https:\/\/luisvaltierranoticias.com\/index.php?rest_route=%2Fwp%2Fv2%2Fcomments&post=2470"}],"version-history":[{"count":1,"href":"https:\/\/luisvaltierranoticias.com\/index.php?rest_route=\/wp\/v2\/posts\/2470\/revisions"}],"predecessor-version":[{"id":2472,"href":"https:\/\/luisvaltierranoticias.com\/index.php?rest_route=\/wp\/v2\/posts\/2470\/revisions\/2472"}],"wp:featuredmedia":[{"embeddable":true,"href":"https:\/\/luisvaltierranoticias.com\/index.php?rest_route=\/wp\/v2\/media\/2471"}],"wp:attachment":[{"href":"https:\/\/luisvaltierranoticias.com\/index.php?rest_route=%2Fwp%2Fv2%2Fmedia&parent=2470"}],"wp:term":[{"taxonomy":"category","embeddable":true,"href":"https:\/\/luisvaltierranoticias.com\/index.php?rest_route=%2Fwp%2Fv2%2Fcategories&post=2470"},{"taxonomy":"post_tag","embeddable":true,"href":"https:\/\/luisvaltierranoticias.com\/index.php?rest_route=%2Fwp%2Fv2%2Ftags&post=2470"}],"curies":[{"name":"wp","href":"https:\/\/api.w.org\/{rel}","templated":true}]}}