{"id":2467,"date":"2023-10-16T12:32:59","date_gmt":"2023-10-16T17:32:59","guid":{"rendered":"https:\/\/luisvaltierranoticias.com\/?p=2467"},"modified":"2023-10-16T12:33:02","modified_gmt":"2023-10-16T17:33:02","slug":"progresa-conformacion-de-zona-metropolitana-entre-tamaulipas-y-veracruz","status":"publish","type":"post","link":"https:\/\/luisvaltierranoticias.com\/?p=2467","title":{"rendered":"Progresa conformaci\u00f3n de zona metropolitana entre Tamaulipas y Veracruz"},"content":{"rendered":"\n<p>-Avanza creaci\u00f3n de la Zona Metropolitana Interestatal de Tampico, Madero y Altamira con P\u00e1nuco y Pueblo Viejo; aprueban convocatoria para el Consejo Consultivo de Desarrollo Metropolitano<\/p>\n\n\n\n<p>Por: Agencias<\/p>\n\n\n\n<p>P\u00e1nuco, Veracruz.- Avanzando en los trabajos para conformar la Zona Metropolitana Interestatal de Tampico, se llev\u00f3 a cabo la Segunda Sesi\u00f3n Ordinaria de la Comisi\u00f3n de Ordenamiento Metropolitano, donde se aprob\u00f3 la publicaci\u00f3n de la convocatoria para elecci\u00f3n de los integrantes del Consejo Consultivo de Desarrollo Metropolitano.<\/p>\n\n\n\n<p>En representaci\u00f3n de la Secretar\u00eda de Desarrollo Urbano y Medio Ambiente (SEDUMA), Karina Lizeth Sald\u00edvar Lartigue, acudi\u00f3 el director de Planeaci\u00f3n Regional y Urbana, Daniel Ruiz Maza; el subsecretario de Desarrollo Urbano, Fernando Daniel P\u00e1ez Su\u00e1rez; la directora general del Instituto Metropolitano de Planeaci\u00f3n (IMEPLAN), Mar\u00eda Silvia Montalvo Tello, y se cont\u00f3 con la participaci\u00f3n de representantes de los municipios de Altamira, Ciudad Madero y Tampico, as\u00ed como de P\u00e1nuco y Pueblo Viejo; del Gobierno de Veracruz y de la Secretar\u00eda de Desarrollo Agrario, Territorial y Urbano (SEDATU).<\/p>\n\n\n\n<p>El prop\u00f3sito de esta iniciativa es crear una hermandad interestatal entre los municipios de la zona sur de Tamaulipas y el norte de Veracruz, con el objetivo de proporcionar servicios de mejor calidad a la poblaci\u00f3n a trav\u00e9s de este programa, como ha sido la instrucci\u00f3n de gobernador Am\u00e9rico Villarreal Anaya.<\/p>\n\n\n\n<p>La propuesta, que se est\u00e1 preparando, se centrar\u00e1 en aspectos clave como educaci\u00f3n, salud, trabajo y el uso eficiente de los recursos, con un enfoque integral en la planificaci\u00f3n participativa y colaborativa en la regi\u00f3n. Esto permitir\u00e1 la implementaci\u00f3n de una gobernanza efectiva y asegurar\u00e1 que el programa refleje fielmente las aspiraciones y necesidades de la comunidad en su conjunto.<\/p>\n\n\n\n<p>Este esfuerzo conjunto representa un paso importante hacia la creaci\u00f3n de una regi\u00f3n metropolitana m\u00e1s fuerte y mejor organizada en la zona sur de Tamaulipas y el norte de Veracruz, con el objetivo de mejorar la calidad de vida de sus habitantes y promover un desarrollo sostenible en la regi\u00f3n, jerarquizando las problem\u00e1ticas, identificando las fortalezas, debilidades, oportunidades y amenazas, lo que permitir\u00e1 la construcci\u00f3n de una Agenda Metropolitana.<\/p>\n","protected":false},"excerpt":{"rendered":"<p>-Avanza creaci\u00f3n de la Zona Metropolitana Interestatal de Tampico, Madero y Altamira con P\u00e1nuco y Pueblo Viejo; aprueban convocatoria para el Consejo Consultivo de Desarrollo Metropolitano Por: Agencias P\u00e1nuco, Veracruz.- Avanzando en los trabajos para conformar la Zona Metropolitana Interestatal de Tampico, se llev\u00f3 a cabo la Segunda Sesi\u00f3n Ordinaria de la Comisi\u00f3n de Ordenamiento [&hellip;]<\/p>\n","protected":false},"author":1,"featured_media":2468,"comment_status":"open","ping_status":"open","sticky":false,"template":"","format":"standard","meta":{"footnotes":""},"categories":[53],"tags":[],"class_list":{"0":"post-2467","1":"post","2":"type-post","3":"status-publish","4":"format-standard","5":"has-post-thumbnail","7":"category-tamaulipas"},"amp_enabled":true,"_links":{"self":[{"href":"https:\/\/luisvaltierranoticias.com\/index.php?rest_route=\/wp\/v2\/posts\/2467","targetHints":{"allow":["GET"]}}],"collection":[{"href":"https:\/\/luisvaltierranoticias.com\/index.php?rest_route=\/wp\/v2\/posts"}],"about":[{"href":"https:\/\/luisvaltierranoticias.com\/index.php?rest_route=\/wp\/v2\/types\/post"}],"author":[{"embeddable":true,"href":"https:\/\/luisvaltierranoticias.com\/index.php?rest_route=\/wp\/v2\/users\/1"}],"replies":[{"embeddable":true,"href":"https:\/\/luisvaltierranoticias.com\/index.php?rest_route=%2Fwp%2Fv2%2Fcomments&post=2467"}],"version-history":[{"count":1,"href":"https:\/\/luisvaltierranoticias.com\/index.php?rest_route=\/wp\/v2\/posts\/2467\/revisions"}],"predecessor-version":[{"id":2469,"href":"https:\/\/luisvaltierranoticias.com\/index.php?rest_route=\/wp\/v2\/posts\/2467\/revisions\/2469"}],"wp:featuredmedia":[{"embeddable":true,"href":"https:\/\/luisvaltierranoticias.com\/index.php?rest_route=\/wp\/v2\/media\/2468"}],"wp:attachment":[{"href":"https:\/\/luisvaltierranoticias.com\/index.php?rest_route=%2Fwp%2Fv2%2Fmedia&parent=2467"}],"wp:term":[{"taxonomy":"category","embeddable":true,"href":"https:\/\/luisvaltierranoticias.com\/index.php?rest_route=%2Fwp%2Fv2%2Fcategories&post=2467"},{"taxonomy":"post_tag","embeddable":true,"href":"https:\/\/luisvaltierranoticias.com\/index.php?rest_route=%2Fwp%2Fv2%2Ftags&post=2467"}],"curies":[{"name":"wp","href":"https:\/\/api.w.org\/{rel}","templated":true}]}}