{"id":2447,"date":"2023-10-15T21:02:08","date_gmt":"2023-10-16T02:02:08","guid":{"rendered":"https:\/\/luisvaltierranoticias.com\/?p=2447"},"modified":"2023-10-15T21:02:10","modified_gmt":"2023-10-16T02:02:10","slug":"caprichos-y-espanolerias-se-presenta-en-el-festival-internacional-de-la-costa-del-seno-mexicano","status":"publish","type":"post","link":"https:\/\/luisvaltierranoticias.com\/?p=2447","title":{"rendered":"\u201cCaprichos y Espa\u00f1oler\u00edas\u201d se presenta en el Festival Internacional de la Costa del Seno Mexicano"},"content":{"rendered":"\n<p>Por: Agencias<\/p>\n\n\n\n<p>Ciudad Victoria, Tamaulipas. En el segundo d\u00eda de la gran fiesta del arte y la cultura en Tamaulipas, las y los amantes de la m\u00fasica y la danza disfrutaron de la presentaci\u00f3n de \u201cCaprichos y Espa\u00f1oler\u00edas\u201d, en el teatro Amalia Gonz\u00e1lez Caballero de Castillo Led\u00f3n del Centro Cultural Tamaulipas.<\/p>\n\n\n\n<p>Espect\u00e1culo que combina la m\u00fasica y danza espa\u00f1ola, que durante su presentaci\u00f3n en la capital del estado, deleit\u00f3 a las y los asistentes con un repertorio cl\u00e1sico de compositores como Manuel Falla, Federico Garc\u00eda Lorca, Joaqu\u00edn Rodrigo, as\u00ed como romanzas de zarzuela y canciones populares espa\u00f1olas.<\/p>\n\n\n\n<p>La interpretaci\u00f3n estuvo a cargo de la soprano mexicana Anabel de la Mora, acompa\u00f1ada por los maestros Andr\u00e9s Sarre, en el piano, y Carlos Iv\u00e1n de Le\u00f3n, en la guitarra; armonizando la coreograf\u00eda y danza de Elisa P\u00e9rez y \u00c1ngel V\u00e1zquez.<\/p>\n\n\n\n<p>El teatro Amalia Gonz\u00e1lez Caballero de Castillo Led\u00f3n luci\u00f3 abarrotado por familias que incluso llevaron a sus hijas e hijos a disfrutar de la m\u00fasica, la danza y el caracter\u00edstico ritmo de las casta\u00f1uelas espa\u00f1olas.<\/p>\n\n\n\n<p>Durante el segundo d\u00eda de actividades del XXI Festival Internacional de la Costa del Seno Mexicano, que organiza el Instituto Tamaulipeco para la Cultura y las Artes, tambi\u00e9n se llev\u00f3 a cabo la presentaci\u00f3n de la \u00f3pera para ni\u00f1os Bastian y Bastiana de Mozart, en el teatro principal del Centro Cultural de Nuevo Laredo; Beijing Dance Theater, en el teatro principal del Centro Cultural de Reynosa, cuyo espect\u00e1culo se ha presentado en el Festival Internacional Cervantino; adem\u00e1s del tenor David P\u00e1ez, en el auditorio Alberto L\u00f3pez del Centro Cultural Tamaulipas, en Victoria.<\/p>\n\n\n\n<p>Tambi\u00e9n destaca el show de tango \u201cLa Maga de Cort\u00e1zar\u201d, presentado ayer en el teatro de la Reforma en Matamoros; la m\u00fasica de Vicky Ranch, en la plaza principal de Altamira; y las \u201cPreciosas Rid\u00edculas\u201d, a cargo de Paquidermo- Artes Esc\u00e9nicas, en el Teatro Experimental del Espacio Cultural Metropolitano de Tampico.<\/p>\n\n\n\n<p>Entre otras actividades y expresiones culturales y art\u00edsticas que alcanzaron a las familias de los municipios de San Fernando, Tula, D\u00edaz Ordaz, R\u00edo Bravo, G\u00fc\u00e9mez, Nuevo Morelos, Hidalgo, Palmillas, Llera, Jim\u00e9nez, Padilla, Miguel Alem\u00e1n, San Carlos, Villagr\u00e1n y Xicot\u00e9ncatl.<\/p>\n","protected":false},"excerpt":{"rendered":"<p>Por: Agencias Ciudad Victoria, Tamaulipas. En el segundo d\u00eda de la gran fiesta del arte y la cultura en Tamaulipas, las y los amantes de la m\u00fasica y la danza disfrutaron de la presentaci\u00f3n de \u201cCaprichos y Espa\u00f1oler\u00edas\u201d, en el teatro Amalia Gonz\u00e1lez Caballero de Castillo Led\u00f3n del Centro Cultural Tamaulipas. Espect\u00e1culo que combina la [&hellip;]<\/p>\n","protected":false},"author":1,"featured_media":2448,"comment_status":"open","ping_status":"open","sticky":false,"template":"","format":"standard","meta":{"footnotes":""},"categories":[53],"tags":[],"class_list":{"0":"post-2447","1":"post","2":"type-post","3":"status-publish","4":"format-standard","5":"has-post-thumbnail","7":"category-tamaulipas"},"amp_enabled":true,"_links":{"self":[{"href":"https:\/\/luisvaltierranoticias.com\/index.php?rest_route=\/wp\/v2\/posts\/2447","targetHints":{"allow":["GET"]}}],"collection":[{"href":"https:\/\/luisvaltierranoticias.com\/index.php?rest_route=\/wp\/v2\/posts"}],"about":[{"href":"https:\/\/luisvaltierranoticias.com\/index.php?rest_route=\/wp\/v2\/types\/post"}],"author":[{"embeddable":true,"href":"https:\/\/luisvaltierranoticias.com\/index.php?rest_route=\/wp\/v2\/users\/1"}],"replies":[{"embeddable":true,"href":"https:\/\/luisvaltierranoticias.com\/index.php?rest_route=%2Fwp%2Fv2%2Fcomments&post=2447"}],"version-history":[{"count":1,"href":"https:\/\/luisvaltierranoticias.com\/index.php?rest_route=\/wp\/v2\/posts\/2447\/revisions"}],"predecessor-version":[{"id":2449,"href":"https:\/\/luisvaltierranoticias.com\/index.php?rest_route=\/wp\/v2\/posts\/2447\/revisions\/2449"}],"wp:featuredmedia":[{"embeddable":true,"href":"https:\/\/luisvaltierranoticias.com\/index.php?rest_route=\/wp\/v2\/media\/2448"}],"wp:attachment":[{"href":"https:\/\/luisvaltierranoticias.com\/index.php?rest_route=%2Fwp%2Fv2%2Fmedia&parent=2447"}],"wp:term":[{"taxonomy":"category","embeddable":true,"href":"https:\/\/luisvaltierranoticias.com\/index.php?rest_route=%2Fwp%2Fv2%2Fcategories&post=2447"},{"taxonomy":"post_tag","embeddable":true,"href":"https:\/\/luisvaltierranoticias.com\/index.php?rest_route=%2Fwp%2Fv2%2Ftags&post=2447"}],"curies":[{"name":"wp","href":"https:\/\/api.w.org\/{rel}","templated":true}]}}