{"id":2444,"date":"2023-10-15T20:59:37","date_gmt":"2023-10-16T01:59:37","guid":{"rendered":"https:\/\/luisvaltierranoticias.com\/?p=2444"},"modified":"2023-10-15T20:59:39","modified_gmt":"2023-10-16T01:59:39","slug":"arranca-gobierno-del-estado-bombardeo-de-nubes","status":"publish","type":"post","link":"https:\/\/luisvaltierranoticias.com\/?p=2444","title":{"rendered":"Arranca Gobierno del Estado bombardeo de nubes"},"content":{"rendered":"\n<p>-En el avi\u00f3n Tl\u00e1loc especialistas aprovechan las condiciones meteorol\u00f3gicas previstas, para iniciar otra fase de estimulaci\u00f3n de nublados<\/p>\n\n\n\n<p>Por: Agencias<\/p>\n\n\n\n<p>Ciudad Victoria, Tamaulipas.- El Gobierno del Estado puso en marcha una nueva fase del programa de bombardeo de nubes, a fin de aprovechar las condiciones meteorol\u00f3gicas que se pronostican para este fin de semana y propiciar lluvias en beneficio del sector agropecuario de Tamaulipas.<\/p>\n\n\n\n<p>El secretario de Desarrollo Rural, D\u00e1maso Anaya Alvarado, el coordinador estatal de Protecci\u00f3n Civil, Luis Gerardo Gonz\u00e1lez de la Fuente, as\u00ed como los representantes de la empresa encargada del programa de estimulaci\u00f3n de lluvias, Adalberto M\u00fastieles y Alejandro V\u00e1zquez, los capitanes Oscar H. Ram\u00edrez y Carlos Gonz\u00e1lez, de la Direcci\u00f3n de Servicios A\u00e9reos y funcionarios de la Secretar\u00eda de Recursos Hidr\u00e1ulicos, se reunieron en el hangar del Gobierno del Estado, en el aeropuerto Pedro J. M\u00e9ndez y tomaron la decisi\u00f3n de realizar el vuelo en un pol\u00edgono de nueve municipios de la regi\u00f3n ca\u00f1era y del centro de la entidad.<\/p>\n\n\n\n<p>Minutos antes de las 17 horas del viernes, el avi\u00f3n Turbocomander 840, propiedad del Gobierno de Tamaulipas y bautizado con el nombre de &#8220;Tl\u00e1loc&#8221;, fue cargado con 90 litros de una soluci\u00f3n qu\u00edmica denominada &#8220;RainMaker&#8221; y despu\u00e9s despeg\u00f3 para realizar un vuelo de 90 minutos buscando propiciar lluvias en beneficio de una superficie de 946,277 hect\u00e1reas.<\/p>\n\n\n\n<p>El vuelo comprendi\u00f3 los municipios de Llera, G\u00f3mez Far\u00edas, Xicot\u00e9ncatl, El Mante, Antig\u00fco Morelos, Villagr\u00e1n, Hidalgo, G\u00fc\u00e9mez y Victoria y busca generar lluvias que favorezcan el almacenamiento en las presas Pedro J. M\u00e9ndez, Vicente Guerrero, Emilio Portes Gil y Ramiro C. Dorantes.<\/p>\n\n\n\n<p>Las autoridades encargadas de este programa acordaron celebrar una nueva reuni\u00f3n de evaluaci\u00f3n este s\u00e1bado, a fin de determinar si se realiza un nuevo vuelo, dependiendo del \u00edndice de \u201csembrabilidad\u201d en las nubes que se presenten en el \u00e1rea considerada como objetivo.<\/p>\n","protected":false},"excerpt":{"rendered":"<p>-En el avi\u00f3n Tl\u00e1loc especialistas aprovechan las condiciones meteorol\u00f3gicas previstas, para iniciar otra fase de estimulaci\u00f3n de nublados Por: Agencias Ciudad Victoria, Tamaulipas.- El Gobierno del Estado puso en marcha una nueva fase del programa de bombardeo de nubes, a fin de aprovechar las condiciones meteorol\u00f3gicas que se pronostican para este fin de semana y [&hellip;]<\/p>\n","protected":false},"author":1,"featured_media":2445,"comment_status":"open","ping_status":"open","sticky":false,"template":"","format":"standard","meta":{"footnotes":""},"categories":[53],"tags":[],"class_list":{"0":"post-2444","1":"post","2":"type-post","3":"status-publish","4":"format-standard","5":"has-post-thumbnail","7":"category-tamaulipas"},"amp_enabled":true,"_links":{"self":[{"href":"https:\/\/luisvaltierranoticias.com\/index.php?rest_route=\/wp\/v2\/posts\/2444","targetHints":{"allow":["GET"]}}],"collection":[{"href":"https:\/\/luisvaltierranoticias.com\/index.php?rest_route=\/wp\/v2\/posts"}],"about":[{"href":"https:\/\/luisvaltierranoticias.com\/index.php?rest_route=\/wp\/v2\/types\/post"}],"author":[{"embeddable":true,"href":"https:\/\/luisvaltierranoticias.com\/index.php?rest_route=\/wp\/v2\/users\/1"}],"replies":[{"embeddable":true,"href":"https:\/\/luisvaltierranoticias.com\/index.php?rest_route=%2Fwp%2Fv2%2Fcomments&post=2444"}],"version-history":[{"count":1,"href":"https:\/\/luisvaltierranoticias.com\/index.php?rest_route=\/wp\/v2\/posts\/2444\/revisions"}],"predecessor-version":[{"id":2446,"href":"https:\/\/luisvaltierranoticias.com\/index.php?rest_route=\/wp\/v2\/posts\/2444\/revisions\/2446"}],"wp:featuredmedia":[{"embeddable":true,"href":"https:\/\/luisvaltierranoticias.com\/index.php?rest_route=\/wp\/v2\/media\/2445"}],"wp:attachment":[{"href":"https:\/\/luisvaltierranoticias.com\/index.php?rest_route=%2Fwp%2Fv2%2Fmedia&parent=2444"}],"wp:term":[{"taxonomy":"category","embeddable":true,"href":"https:\/\/luisvaltierranoticias.com\/index.php?rest_route=%2Fwp%2Fv2%2Fcategories&post=2444"},{"taxonomy":"post_tag","embeddable":true,"href":"https:\/\/luisvaltierranoticias.com\/index.php?rest_route=%2Fwp%2Fv2%2Ftags&post=2444"}],"curies":[{"name":"wp","href":"https:\/\/api.w.org\/{rel}","templated":true}]}}