{"id":2441,"date":"2023-10-15T19:43:30","date_gmt":"2023-10-16T00:43:30","guid":{"rendered":"https:\/\/luisvaltierranoticias.com\/?p=2441"},"modified":"2023-10-15T19:43:32","modified_gmt":"2023-10-16T00:43:32","slug":"arranca-gobierno-municipal-jornada-de-reforestacion-en-el-parque-polvo-enamorado","status":"publish","type":"post","link":"https:\/\/luisvaltierranoticias.com\/?p=2441","title":{"rendered":"ARRANCA GOBIERNO MUNICIPAL JORNADA DE REFORESTACI\u00d3N EN EL PARQUE POLVO ENAMORADO"},"content":{"rendered":"\n<p>Por: Staff | #NuevoLaredo #Tamaulipas<\/p>\n\n\n\n<p>Para contribuir a la disminuci\u00f3n de los efectos del cambio clim\u00e1tico, el Gobierno Municipal arranc\u00f3 con una Jornada de Reforestaci\u00f3n en la que se plantar\u00e1n 600 \u00e1rboles de manera inicial en diferentes sectores de Nuevo Laredo, esto para promover las iniciativas del Gobierno del Estado y proteger el medio ambiente.<\/p>\n\n\n\n<p>Esta actividad inici\u00f3 en el Parque Polvo Enamorado, donde con apoyo de m\u00e1s de 200 empleados municipales se plantaron 200 \u00e1rboles en todas las \u00e1reas del mismo, y a la par en pr\u00f3ximos d\u00edas se trabajar\u00e1 en camellones ubicados en distintos puntos de la ciudad para plantar otros 400 \u00e1rboles.<\/p>\n\n\n\n<p>La alcaldesa Carmen Lilia Canturosas Villarreal indic\u00f3 que se aprovechar\u00e1n los espacios disponibles para sembrar \u00e1rboles adecuados de la regi\u00f3n como el encino verde y fresno.<\/p>\n\n\n\n<p>\u201cCon esta jornada, adem\u00e1s de sumarnos a las acciones del gobernador, Am\u00e9rico Villarreal Anaya cumplimos un compromiso con la ciudadan\u00eda de reforestar la ciudad, mejorar el entorno urbano y proteger el medio ambiente\u201d, se\u00f1al\u00f3.<\/p>\n\n\n\n<p>Inform\u00f3 que las plantaciones fueron reforzadas con hidrogel, un producto 100% biol\u00f3gico que mantiene la humedad y que reduce hasta un 80% el consumo de agua, debido a que los tiempos de los riegos se extienden a 15 d\u00edas en lugar de ser semanal.<\/p>\n\n\n\n<p>La presidenta municipal exhort\u00f3 a los ciudadanos a que cuiden el medio ambiente, a ser responsables con los residuos y depositar la basura en su lugar, tambi\u00e9n evitar lastimar las plantaciones cuando se visiten los parques.<\/p>\n\n\n\n<p>Esta iniciativa se realiz\u00f3 con el apoyo del personal de todas las secretar\u00edas de la administraci\u00f3n, el Sistema DIF y Comapa, quienes se dieron cita en punto de las 9:00 AM para la Jornada de Reforestaci\u00f3n en el Polvo Enamorado.<\/p>\n\n\n\n<p>Cientos de trabajadores municipales de todas las dependencias llenaron las instalaciones del parque para sumarse a la jornada, ah\u00ed se organizaron por equipos y armados con palas plantaron su \u00e1rbol asignado.<\/p>\n\n\n\n<p>Personal de la direcci\u00f3n de Medio Ambiente explic\u00f3 a cada uno de los equipos el procedimiento de plantaci\u00f3n e implementaci\u00f3n del hidrogel con el que mantendr\u00e1n hidratada la tierra y ra\u00edces de los \u00e1rboles.<\/p>\n\n\n\n<p>En el lugar se instalaron puntos de hidrataci\u00f3n y de herramientas para facilitar el trabajo de los equipos.<\/p>\n","protected":false},"excerpt":{"rendered":"<p>Por: Staff | #NuevoLaredo #Tamaulipas Para contribuir a la disminuci\u00f3n de los efectos del cambio clim\u00e1tico, el Gobierno Municipal arranc\u00f3 con una Jornada de Reforestaci\u00f3n en la que se plantar\u00e1n 600 \u00e1rboles de manera inicial en diferentes sectores de Nuevo Laredo, esto para promover las iniciativas del Gobierno del Estado y proteger el medio ambiente. [&hellip;]<\/p>\n","protected":false},"author":1,"featured_media":2442,"comment_status":"open","ping_status":"open","sticky":false,"template":"","format":"standard","meta":{"footnotes":""},"categories":[31],"tags":[],"class_list":{"0":"post-2441","1":"post","2":"type-post","3":"status-publish","4":"format-standard","5":"has-post-thumbnail","7":"category-nuevo-laredo"},"amp_enabled":true,"_links":{"self":[{"href":"https:\/\/luisvaltierranoticias.com\/index.php?rest_route=\/wp\/v2\/posts\/2441","targetHints":{"allow":["GET"]}}],"collection":[{"href":"https:\/\/luisvaltierranoticias.com\/index.php?rest_route=\/wp\/v2\/posts"}],"about":[{"href":"https:\/\/luisvaltierranoticias.com\/index.php?rest_route=\/wp\/v2\/types\/post"}],"author":[{"embeddable":true,"href":"https:\/\/luisvaltierranoticias.com\/index.php?rest_route=\/wp\/v2\/users\/1"}],"replies":[{"embeddable":true,"href":"https:\/\/luisvaltierranoticias.com\/index.php?rest_route=%2Fwp%2Fv2%2Fcomments&post=2441"}],"version-history":[{"count":1,"href":"https:\/\/luisvaltierranoticias.com\/index.php?rest_route=\/wp\/v2\/posts\/2441\/revisions"}],"predecessor-version":[{"id":2443,"href":"https:\/\/luisvaltierranoticias.com\/index.php?rest_route=\/wp\/v2\/posts\/2441\/revisions\/2443"}],"wp:featuredmedia":[{"embeddable":true,"href":"https:\/\/luisvaltierranoticias.com\/index.php?rest_route=\/wp\/v2\/media\/2442"}],"wp:attachment":[{"href":"https:\/\/luisvaltierranoticias.com\/index.php?rest_route=%2Fwp%2Fv2%2Fmedia&parent=2441"}],"wp:term":[{"taxonomy":"category","embeddable":true,"href":"https:\/\/luisvaltierranoticias.com\/index.php?rest_route=%2Fwp%2Fv2%2Fcategories&post=2441"},{"taxonomy":"post_tag","embeddable":true,"href":"https:\/\/luisvaltierranoticias.com\/index.php?rest_route=%2Fwp%2Fv2%2Ftags&post=2441"}],"curies":[{"name":"wp","href":"https:\/\/api.w.org\/{rel}","templated":true}]}}