{"id":2438,"date":"2023-10-15T19:32:37","date_gmt":"2023-10-16T00:32:37","guid":{"rendered":"https:\/\/luisvaltierranoticias.com\/?p=2438"},"modified":"2023-10-15T19:32:39","modified_gmt":"2023-10-16T00:32:39","slug":"disfrutan-neolaredenses-presentaciones-artisticas-en-festival-internacional-de-la-costa-del-seno-mexicano","status":"publish","type":"post","link":"https:\/\/luisvaltierranoticias.com\/?p=2438","title":{"rendered":"DISFRUTAN NEOLAREDENSES PRESENTACIONES ART\u00cdSTICAS EN FESTIVAL INTERNACIONAL DE LA COSTA DEL SENO MEXICANO"},"content":{"rendered":"\n<p>Por: Staff | #NuevoLaredo #Tamaulipas<\/p>\n\n\n\n<p>Como parte de las actividades del XXI Festival de la Costa del Seno Mexicano, en el Centro Cultural se desarrollaron dos mon\u00f3logos, una \u00f3pera y un concierto interactivo para enriquecer la cultura en Nuevo Laredo.<\/p>\n\n\n\n<p>La \u00f3pera fue de car\u00e1cter infantil denominada &#8220;Basti\u00e1n y Bastiana&#8221;, una interpretaci\u00f3n de las aportaciones de Mozart al arte; mientras que los mon\u00f3logos &#8220;Zombi&#8221; y &#8220;Plegable&#8221; fueron bajo la direcci\u00f3n de Hugo Arevillaga.<\/p>\n\n\n\n<p>Tambi\u00e9n se llev\u00f3 a cabo la presentaci\u00f3n de \u201cPneumus\u201d, un show m\u00fasical interactivo que puso a bailar a todos los asistentes .<\/p>\n\n\n\n<p>A la par de estas presentaciones, el talento local se dio a conocer en la explanada de la Independencia, tambi\u00e9n como aporte al festival.<\/p>\n\n\n\n<p>La fiesta cultural se vivir\u00e1 en Nuevo Laredo hasta el 22 de octubre de forma totalmente gratuita. Los boletos pueden conseguirse en las oficinas del CIGA ubicadas en el edificio Anexo a Presidencia con un horario de lunes a viernes desde las 8:00 AM a 8:00 PM y s\u00e1bados de 9:00 AM a 2:00 PM.<\/p>\n","protected":false},"excerpt":{"rendered":"<p>Por: Staff | #NuevoLaredo #Tamaulipas Como parte de las actividades del XXI Festival de la Costa del Seno Mexicano, en el Centro Cultural se desarrollaron dos mon\u00f3logos, una \u00f3pera y un concierto interactivo para enriquecer la cultura en Nuevo Laredo. La \u00f3pera fue de car\u00e1cter infantil denominada &#8220;Basti\u00e1n y Bastiana&#8221;, una interpretaci\u00f3n de las aportaciones [&hellip;]<\/p>\n","protected":false},"author":1,"featured_media":2439,"comment_status":"open","ping_status":"open","sticky":false,"template":"","format":"standard","meta":{"footnotes":""},"categories":[31],"tags":[],"class_list":{"0":"post-2438","1":"post","2":"type-post","3":"status-publish","4":"format-standard","5":"has-post-thumbnail","7":"category-nuevo-laredo"},"amp_enabled":true,"_links":{"self":[{"href":"https:\/\/luisvaltierranoticias.com\/index.php?rest_route=\/wp\/v2\/posts\/2438","targetHints":{"allow":["GET"]}}],"collection":[{"href":"https:\/\/luisvaltierranoticias.com\/index.php?rest_route=\/wp\/v2\/posts"}],"about":[{"href":"https:\/\/luisvaltierranoticias.com\/index.php?rest_route=\/wp\/v2\/types\/post"}],"author":[{"embeddable":true,"href":"https:\/\/luisvaltierranoticias.com\/index.php?rest_route=\/wp\/v2\/users\/1"}],"replies":[{"embeddable":true,"href":"https:\/\/luisvaltierranoticias.com\/index.php?rest_route=%2Fwp%2Fv2%2Fcomments&post=2438"}],"version-history":[{"count":1,"href":"https:\/\/luisvaltierranoticias.com\/index.php?rest_route=\/wp\/v2\/posts\/2438\/revisions"}],"predecessor-version":[{"id":2440,"href":"https:\/\/luisvaltierranoticias.com\/index.php?rest_route=\/wp\/v2\/posts\/2438\/revisions\/2440"}],"wp:featuredmedia":[{"embeddable":true,"href":"https:\/\/luisvaltierranoticias.com\/index.php?rest_route=\/wp\/v2\/media\/2439"}],"wp:attachment":[{"href":"https:\/\/luisvaltierranoticias.com\/index.php?rest_route=%2Fwp%2Fv2%2Fmedia&parent=2438"}],"wp:term":[{"taxonomy":"category","embeddable":true,"href":"https:\/\/luisvaltierranoticias.com\/index.php?rest_route=%2Fwp%2Fv2%2Fcategories&post=2438"},{"taxonomy":"post_tag","embeddable":true,"href":"https:\/\/luisvaltierranoticias.com\/index.php?rest_route=%2Fwp%2Fv2%2Ftags&post=2438"}],"curies":[{"name":"wp","href":"https:\/\/api.w.org\/{rel}","templated":true}]}}