{"id":2432,"date":"2023-10-15T19:12:18","date_gmt":"2023-10-16T00:12:18","guid":{"rendered":"https:\/\/luisvaltierranoticias.com\/?p=2432"},"modified":"2023-10-15T19:12:20","modified_gmt":"2023-10-16T00:12:20","slug":"preven-ampliacion-de-aeropuerto-internacional-de-nuevo-laredo-en-2024","status":"publish","type":"post","link":"https:\/\/luisvaltierranoticias.com\/?p=2432","title":{"rendered":"PREV\u00c9N AMPLIACI\u00d3N DE AEROPUERTO INTERNACIONAL DE NUEVO LAREDO EN 2024"},"content":{"rendered":"\n<p>Por: Staff | #NuevoLaredo #Tamaulipas<\/p>\n\n\n\n<p>La llegada de la Agencia Nacional de Aduanas de M\u00e9xico (ANAM) y el creciente dinamismo comercial y econ\u00f3mico que vive Nuevo Laredo han sido clave para que la red de Aeropuertos y Servicios Auxiliares (ASA) consideren al aeropuerto de esta frontera dentro de su plan de crecimiento.<\/p>\n\n\n\n<p>Autoridades de ASA, han dado a conocer que el Aeropuerto Quetzalc\u00f3atl de esta ciudad est\u00e1 considerado para una remodelaci\u00f3n en la que se ampl\u00ede la zona terminal de tr\u00e1nsito y de inspecci\u00f3n, debido a la capacidad que se requerir\u00e1 cuando est\u00e9 en funciones la ANAM y ante el crecimiento del 124% en su actividad diaria.<\/p>\n\n\n\n<p>La alcaldesa Carmen Lilia Canturosas Villarreal, indic\u00f3 que por parte del gobierno municipal existe un seguimiento en este tema, adem\u00e1s que hay un trabajo de coordinaci\u00f3n con el gobernador Am\u00e9rico Villarreal quien tambi\u00e9n anunci\u00f3 las gestiones para construir un recinto fiscalizado dentro del aeropuerto.<\/p>\n\n\n\n<p>\u201cDesde el inicio de nuestra administraci\u00f3n hemos trabajado para ampliar la conectividad de Nuevo Laredo, hoy tenemos m\u00e1s vuelos a la Ciudad de M\u00e9xico y ante la llegada de proyectos como la ANAM y gracias a la buena relaci\u00f3n con el Gobierno Federal y Estatal, la red ASA ha contemplado a nuestro aeropuerto para mejorar su infraestructura\u201d, se\u00f1al\u00f3 Canturosas, presidenta municipal.<\/p>\n\n\n\n<p>Por su parte, Iv\u00e1n Torres Macario, encargado del despacho del Instituto para la Competitividad y el Comercio Exterior inform\u00f3 que para el pr\u00f3ximo a\u00f1o Nuevo Laredo est\u00e9 dentro del esquema de Aeropuertos y Servicios Auxiliares (ASA) para la remodelaci\u00f3n del aeropuerto, solo esperan tome posesi\u00f3n el nuevo administrador del aeropuerto.<\/p>\n\n\n\n<p>La presidenta Carmen Lilia dijo ya est\u00e1n todos los estudios pero falta que se materialice el tema, sin embargo es algo que se tiene muy avanzado y que se podr\u00e1 ver pronto materializado.<\/p>\n","protected":false},"excerpt":{"rendered":"<p>Por: Staff | #NuevoLaredo #Tamaulipas La llegada de la Agencia Nacional de Aduanas de M\u00e9xico (ANAM) y el creciente dinamismo comercial y econ\u00f3mico que vive Nuevo Laredo han sido clave para que la red de Aeropuertos y Servicios Auxiliares (ASA) consideren al aeropuerto de esta frontera dentro de su plan de crecimiento. Autoridades de ASA, [&hellip;]<\/p>\n","protected":false},"author":1,"featured_media":2433,"comment_status":"open","ping_status":"open","sticky":false,"template":"","format":"standard","meta":{"footnotes":""},"categories":[31],"tags":[],"class_list":{"0":"post-2432","1":"post","2":"type-post","3":"status-publish","4":"format-standard","5":"has-post-thumbnail","7":"category-nuevo-laredo"},"amp_enabled":true,"_links":{"self":[{"href":"https:\/\/luisvaltierranoticias.com\/index.php?rest_route=\/wp\/v2\/posts\/2432","targetHints":{"allow":["GET"]}}],"collection":[{"href":"https:\/\/luisvaltierranoticias.com\/index.php?rest_route=\/wp\/v2\/posts"}],"about":[{"href":"https:\/\/luisvaltierranoticias.com\/index.php?rest_route=\/wp\/v2\/types\/post"}],"author":[{"embeddable":true,"href":"https:\/\/luisvaltierranoticias.com\/index.php?rest_route=\/wp\/v2\/users\/1"}],"replies":[{"embeddable":true,"href":"https:\/\/luisvaltierranoticias.com\/index.php?rest_route=%2Fwp%2Fv2%2Fcomments&post=2432"}],"version-history":[{"count":1,"href":"https:\/\/luisvaltierranoticias.com\/index.php?rest_route=\/wp\/v2\/posts\/2432\/revisions"}],"predecessor-version":[{"id":2434,"href":"https:\/\/luisvaltierranoticias.com\/index.php?rest_route=\/wp\/v2\/posts\/2432\/revisions\/2434"}],"wp:featuredmedia":[{"embeddable":true,"href":"https:\/\/luisvaltierranoticias.com\/index.php?rest_route=\/wp\/v2\/media\/2433"}],"wp:attachment":[{"href":"https:\/\/luisvaltierranoticias.com\/index.php?rest_route=%2Fwp%2Fv2%2Fmedia&parent=2432"}],"wp:term":[{"taxonomy":"category","embeddable":true,"href":"https:\/\/luisvaltierranoticias.com\/index.php?rest_route=%2Fwp%2Fv2%2Fcategories&post=2432"},{"taxonomy":"post_tag","embeddable":true,"href":"https:\/\/luisvaltierranoticias.com\/index.php?rest_route=%2Fwp%2Fv2%2Ftags&post=2432"}],"curies":[{"name":"wp","href":"https:\/\/api.w.org\/{rel}","templated":true}]}}