{"id":2429,"date":"2023-10-15T19:02:26","date_gmt":"2023-10-16T00:02:26","guid":{"rendered":"https:\/\/luisvaltierranoticias.com\/?p=2429"},"modified":"2023-10-15T19:02:27","modified_gmt":"2023-10-16T00:02:27","slug":"se-une-gobierno-municipal-a-campana-de-caritas-de-nuevo-laredo","status":"publish","type":"post","link":"https:\/\/luisvaltierranoticias.com\/?p=2429","title":{"rendered":"SE UNE GOBIERNO MUNICIPAL A CAMPA\u00d1A DE C\u00c1RITAS DE NUEVO LAREDO"},"content":{"rendered":"\n<p>Por: Staff | #NuevoLaredo #Tamaulipas<\/p>\n\n\n\n<p>El Gobierno Municipal se uni\u00f3 a la colecta anual de la campa\u00f1a \u201cAlimenta\u201d con la donaci\u00f3n de m\u00e1s de dos toneladas de alimentos no perecederos que organiza \u201cC\u00e1ritas de Nuevo Laredo\u201d para las familias en vulnerabilidad.<\/p>\n\n\n\n<p>Este evento se llev\u00f3 a cabo en la explanada frente a la Catedral del Esp\u00edritu Santo con la Caravana de la Esperanza.<\/p>\n\n\n\n<p>Ah\u00ed el regidor Luis Cavazos C\u00e1rdenas brind\u00f3 un mensaje de parte de la alcaldesa Carmen Lilia Canturosas Villarreal, en el que refrend\u00f3 el compromiso por parte de la administraci\u00f3n en mantener esta alianza por el bienestar de la poblaci\u00f3n neolaredenses.<\/p>\n\n\n\n<p>\u201cEsta labor es un reflejo del trabajo en conjunto entre el gobierno municipal, organizaciones civiles y la sociedad de Nuevo Laredo, nos sentimos muy orgullosos del alcance de esta unidad de realizar cada una de las acciones con amor y dedicaci\u00f3n siempre pensando en el bienestar de nuestra comunidad\u201d, Cavazos C\u00e1rdenas, regidor.<\/p>\n\n\n\n<p>Por su parte el sacerdote y presidente del Consejo de C\u00e1ritas de Nuevo Laredo A.C. Rogelio Lozano Alcorta, manifest\u00f3 estar agradecido con la alcaldesa Carmen Lilia Canturosas quien ha sido una aliada en las causas nobles de la ciudad.<\/p>\n\n\n\n<p>\u201cAgradezco el apoyo incondicional de una mujer que ha sabido dar ejemplo en cuesti\u00f3n de solidaridad con los m\u00e1s necesitados, me refiero a la presidenta municipal, porque ella siempre ha estado presente y nos apoya\u201d, mencion\u00f3 Lozano Alcorta, sacerdote.<\/p>\n\n\n\n<p>Explic\u00f3 que anteriormente la campa\u00f1a se llamaba \u201cPor un M\u00e9xico Sin Hambre\u201d, sin embargo para unificar el nombre de este programa a nivel nacional se le puso \u201cAlimenta\u201d.<\/p>\n\n\n\n<p>En el evento estuvieron presentes la diputada federal, Ana Laura Huerta; Jos\u00e9 Carlos Velasco, en representaci\u00f3n de Claudette Canturosas, presidenta del Sistema DIF; Elda Elizondo directora General de C\u00e1ritas de Nuevo Laredo, A.C.; Ang\u00e9lica Molina, vicepresidenta del Consejo de C\u00e1ritas.<\/p>\n\n\n\n<p>As\u00ed como Juan \u00c1ngel Mart\u00ednez; secretario de Desarrollo Econ\u00f3mico; Silvia Fern\u00e1ndez Gallardo, gerente general de COMAPA; representantes de clubes de servicios y del sector educativo.<\/p>\n","protected":false},"excerpt":{"rendered":"<p>Por: Staff | #NuevoLaredo #Tamaulipas El Gobierno Municipal se uni\u00f3 a la colecta anual de la campa\u00f1a \u201cAlimenta\u201d con la donaci\u00f3n de m\u00e1s de dos toneladas de alimentos no perecederos que organiza \u201cC\u00e1ritas de Nuevo Laredo\u201d para las familias en vulnerabilidad. Este evento se llev\u00f3 a cabo en la explanada frente a la Catedral del [&hellip;]<\/p>\n","protected":false},"author":1,"featured_media":2430,"comment_status":"open","ping_status":"open","sticky":false,"template":"","format":"standard","meta":{"footnotes":""},"categories":[31],"tags":[],"class_list":{"0":"post-2429","1":"post","2":"type-post","3":"status-publish","4":"format-standard","5":"has-post-thumbnail","7":"category-nuevo-laredo"},"amp_enabled":true,"_links":{"self":[{"href":"https:\/\/luisvaltierranoticias.com\/index.php?rest_route=\/wp\/v2\/posts\/2429","targetHints":{"allow":["GET"]}}],"collection":[{"href":"https:\/\/luisvaltierranoticias.com\/index.php?rest_route=\/wp\/v2\/posts"}],"about":[{"href":"https:\/\/luisvaltierranoticias.com\/index.php?rest_route=\/wp\/v2\/types\/post"}],"author":[{"embeddable":true,"href":"https:\/\/luisvaltierranoticias.com\/index.php?rest_route=\/wp\/v2\/users\/1"}],"replies":[{"embeddable":true,"href":"https:\/\/luisvaltierranoticias.com\/index.php?rest_route=%2Fwp%2Fv2%2Fcomments&post=2429"}],"version-history":[{"count":1,"href":"https:\/\/luisvaltierranoticias.com\/index.php?rest_route=\/wp\/v2\/posts\/2429\/revisions"}],"predecessor-version":[{"id":2431,"href":"https:\/\/luisvaltierranoticias.com\/index.php?rest_route=\/wp\/v2\/posts\/2429\/revisions\/2431"}],"wp:featuredmedia":[{"embeddable":true,"href":"https:\/\/luisvaltierranoticias.com\/index.php?rest_route=\/wp\/v2\/media\/2430"}],"wp:attachment":[{"href":"https:\/\/luisvaltierranoticias.com\/index.php?rest_route=%2Fwp%2Fv2%2Fmedia&parent=2429"}],"wp:term":[{"taxonomy":"category","embeddable":true,"href":"https:\/\/luisvaltierranoticias.com\/index.php?rest_route=%2Fwp%2Fv2%2Fcategories&post=2429"},{"taxonomy":"post_tag","embeddable":true,"href":"https:\/\/luisvaltierranoticias.com\/index.php?rest_route=%2Fwp%2Fv2%2Ftags&post=2429"}],"curies":[{"name":"wp","href":"https:\/\/api.w.org\/{rel}","templated":true}]}}