{"id":2422,"date":"2023-10-13T16:55:45","date_gmt":"2023-10-13T21:55:45","guid":{"rendered":"https:\/\/luisvaltierranoticias.com\/?p=2422"},"modified":"2023-10-13T16:55:46","modified_gmt":"2023-10-13T21:55:46","slug":"reitera-carmen-lilia-canturosas-compromiso-con-sectores-productivos-de-nuevo-laredo-en-el-85-aniversario-de-la-aaanl","status":"publish","type":"post","link":"https:\/\/luisvaltierranoticias.com\/?p=2422","title":{"rendered":"REITERA CARMEN LILIA CANTUROSAS COMPROMISO CON SECTORES PRODUCTIVOS DE NUEVO LAREDO EN EL 85 ANIVERSARIO DE LA AAANL"},"content":{"rendered":"\n<p>Por: staff | #NuevoLaredo #Tamaulipas<\/p>\n\n\n\n<p>En una emotiva reuni\u00f3n para celebrar el 85 aniversario de la Asociaci\u00f3n de Agentes Aduanales de Nuevo Laredo (AAANL), la alcaldesa Carmen Lilia Canturosas Villarreal, junto a la secretaria estatal de Econom\u00eda Ninfa Cant\u00fa De\u00e1ndar, secretar\u00eda de Trabajo y Previsi\u00f3n Social, Olga Sosa Ru\u00edz y autoridades aduaneras, refrendaron su compromiso para potencializar la frontera neolaredense como la m\u00e1s importante de Am\u00e9rica Latina.<\/p>\n\n\n\n<p>Cant\u00fa De\u00e1ndar, quien acudi\u00f3 en representaci\u00f3n del gobernador Am\u00e9rico Villarreal Anaya, reconoci\u00f3 a la AAANL como una asociaci\u00f3n pilar para mantener el liderazgo aduanero que distingue a Nuevo Laredo.<\/p>\n\n\n\n<p>\u201cEl comercio exterior es hoy un motor estrat\u00e9gico para nuestro Estado y los agentes aduanales siempre se han comprometido con los asuntos de inter\u00e9s general y responsabilidad social por ocho d\u00e9cadas, su visi\u00f3n de desarrollo y de progreso potencializa a Tamaulipas como una de las regiones m\u00e1s competitivas de Norteam\u00e9rica\u201d, enfatiz\u00f3.<\/p>\n\n\n\n<p>Por su parte, la presidenta municipal Canturosas Villarreal indic\u00f3 que Nuevo Laredo se encuentra en constante crecimiento gracias a la sinergia y empuje de la gente trabajadora que aqu\u00ed habita, tales como los agentes aduanales, quienes potencializan cada ventaja de esta frontera para convertir y reiterar la ciudad como la Capital Aduanera de Am\u00e9rica Latina.<\/p>\n\n\n\n<p>\u201cHoy vivimos una nueva era de progreso en la que el Gobierno Municipal y organismos como ustedes trabajamos hombro a hombro para poner en alto el nombre de esta tierra de oportunidades y es justo esa labor continua y de vanguardia que llevamos a cabo la que ha llevado a Nuevo Laredo a otro nivel\u201d, se\u00f1al\u00f3.<\/p>\n\n\n\n<p>Subray\u00f3 que este resultado de la sinergia para impulsar a Nuevo Laredo, tambi\u00e9n ha sido por el enorme inter\u00e9s del gobernador del Estado, Am\u00e9rico Villarreal Anaya, quien ha fortalecido las acciones para desarrollar a Tamaulipas.<\/p>\n\n\n\n<p>Mientras que el presidente de la AAANL, Ignacio Zaragoza Ambrosi, subray\u00f3 que Nuevo Laredo es el puerto terrestre m\u00e1s importante en Am\u00e9rica Latina y no tiene un igual que pueda compararse con la din\u00e1mica diaria, intercambio y volumen comercial que se maneja en esta frontera.<\/p>\n\n\n\n<p>\u201cEl impacto de nuestra actividad se refleja y se percibe no s\u00f3lo en la ciudad, tambi\u00e9n lo hace en la regi\u00f3n binacional de la que somos una parte fundamental; nuestra unidad y compromiso a favor del gremio nos permitir\u00e1 fortalecer nuestros indicadores para aportar todav\u00eda m\u00e1s al desarrollo econ\u00f3mico de Nuevo Laredo\u201d, puntualiz\u00f3.<\/p>\n\n\n\n<p>Durante el evento estuvo presente: el Mayor de Laredo, Texas, Victor Trevi\u00f1o; la diputada federal, Ana Laura Huerta Valdovinos; el presidente de la CAAAREM, Miguel Cos Nesbitt y la c\u00f3nsul Erika Zielke.<\/p>\n\n\n\n<figure class=\"wp-block-image size-large\"><img loading=\"lazy\" decoding=\"async\" width=\"1024\" height=\"682\" src=\"https:\/\/luisvaltierranoticias.com\/wp-content\/uploads\/2023\/10\/WhatsApp-Image-2023-10-13-at-4.24.49-PM-1-1024x682.jpeg\" alt=\"\" class=\"wp-image-2424\" srcset=\"https:\/\/luisvaltierranoticias.com\/wp-content\/uploads\/2023\/10\/WhatsApp-Image-2023-10-13-at-4.24.49-PM-1-1024x682.jpeg 1024w, https:\/\/luisvaltierranoticias.com\/wp-content\/uploads\/2023\/10\/WhatsApp-Image-2023-10-13-at-4.24.49-PM-1-300x200.jpeg 300w, https:\/\/luisvaltierranoticias.com\/wp-content\/uploads\/2023\/10\/WhatsApp-Image-2023-10-13-at-4.24.49-PM-1-768x512.jpeg 768w, https:\/\/luisvaltierranoticias.com\/wp-content\/uploads\/2023\/10\/WhatsApp-Image-2023-10-13-at-4.24.49-PM-1-150x100.jpeg 150w, https:\/\/luisvaltierranoticias.com\/wp-content\/uploads\/2023\/10\/WhatsApp-Image-2023-10-13-at-4.24.49-PM-1-696x464.jpeg 696w, https:\/\/luisvaltierranoticias.com\/wp-content\/uploads\/2023\/10\/WhatsApp-Image-2023-10-13-at-4.24.49-PM-1-1068x712.jpeg 1068w, https:\/\/luisvaltierranoticias.com\/wp-content\/uploads\/2023\/10\/WhatsApp-Image-2023-10-13-at-4.24.49-PM-1.jpeg 1280w\" sizes=\"auto, (max-width: 1024px) 100vw, 1024px\" \/><\/figure>\n","protected":false},"excerpt":{"rendered":"<p>Por: staff | #NuevoLaredo #Tamaulipas En una emotiva reuni\u00f3n para celebrar el 85 aniversario de la Asociaci\u00f3n de Agentes Aduanales de Nuevo Laredo (AAANL), la alcaldesa Carmen Lilia Canturosas Villarreal, junto a la secretaria estatal de Econom\u00eda Ninfa Cant\u00fa De\u00e1ndar, secretar\u00eda de Trabajo y Previsi\u00f3n Social, Olga Sosa Ru\u00edz y autoridades aduaneras, refrendaron su compromiso [&hellip;]<\/p>\n","protected":false},"author":1,"featured_media":2423,"comment_status":"open","ping_status":"open","sticky":false,"template":"","format":"standard","meta":{"footnotes":""},"categories":[31],"tags":[],"class_list":{"0":"post-2422","1":"post","2":"type-post","3":"status-publish","4":"format-standard","5":"has-post-thumbnail","7":"category-nuevo-laredo"},"amp_enabled":true,"_links":{"self":[{"href":"https:\/\/luisvaltierranoticias.com\/index.php?rest_route=\/wp\/v2\/posts\/2422","targetHints":{"allow":["GET"]}}],"collection":[{"href":"https:\/\/luisvaltierranoticias.com\/index.php?rest_route=\/wp\/v2\/posts"}],"about":[{"href":"https:\/\/luisvaltierranoticias.com\/index.php?rest_route=\/wp\/v2\/types\/post"}],"author":[{"embeddable":true,"href":"https:\/\/luisvaltierranoticias.com\/index.php?rest_route=\/wp\/v2\/users\/1"}],"replies":[{"embeddable":true,"href":"https:\/\/luisvaltierranoticias.com\/index.php?rest_route=%2Fwp%2Fv2%2Fcomments&post=2422"}],"version-history":[{"count":1,"href":"https:\/\/luisvaltierranoticias.com\/index.php?rest_route=\/wp\/v2\/posts\/2422\/revisions"}],"predecessor-version":[{"id":2425,"href":"https:\/\/luisvaltierranoticias.com\/index.php?rest_route=\/wp\/v2\/posts\/2422\/revisions\/2425"}],"wp:featuredmedia":[{"embeddable":true,"href":"https:\/\/luisvaltierranoticias.com\/index.php?rest_route=\/wp\/v2\/media\/2423"}],"wp:attachment":[{"href":"https:\/\/luisvaltierranoticias.com\/index.php?rest_route=%2Fwp%2Fv2%2Fmedia&parent=2422"}],"wp:term":[{"taxonomy":"category","embeddable":true,"href":"https:\/\/luisvaltierranoticias.com\/index.php?rest_route=%2Fwp%2Fv2%2Fcategories&post=2422"},{"taxonomy":"post_tag","embeddable":true,"href":"https:\/\/luisvaltierranoticias.com\/index.php?rest_route=%2Fwp%2Fv2%2Ftags&post=2422"}],"curies":[{"name":"wp","href":"https:\/\/api.w.org\/{rel}","templated":true}]}}