{"id":2419,"date":"2023-10-13T15:56:28","date_gmt":"2023-10-13T20:56:28","guid":{"rendered":"https:\/\/luisvaltierranoticias.com\/?p=2419"},"modified":"2023-10-13T15:56:30","modified_gmt":"2023-10-13T20:56:30","slug":"invita-gobierno-municipal-a-participar-en-donacion-de-cabello-para-elaboracion-de-pelucas-oncologicas","status":"publish","type":"post","link":"https:\/\/luisvaltierranoticias.com\/?p=2419","title":{"rendered":"INVITA GOBIERNO MUNICIPAL A PARTICIPAR EN DONACI\u00d3N DE CABELLO PARA ELABORACI\u00d3N DE PELUCAS ONCOL\u00d3GICAS"},"content":{"rendered":"\n<p>Por: Staff | #NuevoLaredo #NLD #Laredo #Tamaulipas<\/p>\n\n\n\n<p>Octubre se considera como el mes de Sensibilizaci\u00f3n sobre el C\u00e1ncer de mama, por este motivo el Gobierno Municipal promueve acciones para apoyar a las personas que tengan este padecimiento.<\/p>\n\n\n\n<p>La doctora Liliana Arjona Barocio, secretaria de Bienestar Social Municipal, inform\u00f3 que a partir de esta semana y hasta el 31 de octubre se estar\u00e1 recibiendo en las Cl\u00ednicas UNE la donaci\u00f3n de cabello para la elaboraci\u00f3n de pelucas para pacientes con c\u00e1ncer.<\/p>\n\n\n\n<p>\u201cEs una acci\u00f3n m\u00e1s que estamos realizando en este mes de concientizaci\u00f3n, es con la finalidad de apoyar a los grupos que se dedican a producir pelucas a las mujeres que est\u00e9n llevando tratamiento y tienen p\u00e9rdida de cabello\u201d, indic\u00f3 Arjona Barocio.<\/p>\n\n\n\n<p>Las personas interesadas en hacer esta donaci\u00f3n deber\u00e1n llevar el cabello con una medida de 25 cent\u00edmetros, trenzado y sujetado de ambos extremos dentro de una bolsa herm\u00e9tica o de un sobre.<\/p>\n\n\n\n<p>Las especificaciones del cabello son: no estar decolorado, chino, haber recibido alg\u00fan tratamiento qu\u00edmico, o que est\u00e9 maltratado. El cabello te\u00f1ido o con canas si ser\u00e1 aceptado.<\/p>\n\n\n\n<p>La doctora Arjona indic\u00f3 que incluso los interesados pueden acudir a las Cl\u00ednicas y ah\u00ed mismo hacerles el corte solo deben llevar el cabello limpio y trenzado.<\/p>\n\n\n\n<p>El horario de las Cl\u00ednicas UNE es de 8:00 de la ma\u00f1ana a 3:30 de la tarde y est\u00e1n ubicadas en las siguientes colonias:<\/p>\n\n\n\n<p>En la calle Art\u00edculo 6 entre Prometeo y Articulo 123, colonia Toboganes; Monte Olimpo entre Esfinge e Himeneo, colonia el Progreso; R\u00edo Grijalva y R\u00edo Churubusco, colonia El Campanario; Guanajuato y Tamaulipas, colonia Palmares.<\/p>\n\n\n\n<p>En avenida Vencedor entre Canad\u00e1 y Diploma, colonia Los Olivos II; avenida Vencedor, colonia Primero de Mayo; Nogales entre Durazno y Ciruelos, colonia Valles del Para\u00edso; y Quirino Mendoza n\u00famero 4815, colonia Santa Cecilia.<\/p>\n","protected":false},"excerpt":{"rendered":"<p>Por: Staff | #NuevoLaredo #NLD #Laredo #Tamaulipas Octubre se considera como el mes de Sensibilizaci\u00f3n sobre el C\u00e1ncer de mama, por este motivo el Gobierno Municipal promueve acciones para apoyar a las personas que tengan este padecimiento. La doctora Liliana Arjona Barocio, secretaria de Bienestar Social Municipal, inform\u00f3 que a partir de esta semana y [&hellip;]<\/p>\n","protected":false},"author":1,"featured_media":2420,"comment_status":"open","ping_status":"open","sticky":false,"template":"","format":"standard","meta":{"footnotes":""},"categories":[31],"tags":[],"class_list":{"0":"post-2419","1":"post","2":"type-post","3":"status-publish","4":"format-standard","5":"has-post-thumbnail","7":"category-nuevo-laredo"},"amp_enabled":true,"_links":{"self":[{"href":"https:\/\/luisvaltierranoticias.com\/index.php?rest_route=\/wp\/v2\/posts\/2419","targetHints":{"allow":["GET"]}}],"collection":[{"href":"https:\/\/luisvaltierranoticias.com\/index.php?rest_route=\/wp\/v2\/posts"}],"about":[{"href":"https:\/\/luisvaltierranoticias.com\/index.php?rest_route=\/wp\/v2\/types\/post"}],"author":[{"embeddable":true,"href":"https:\/\/luisvaltierranoticias.com\/index.php?rest_route=\/wp\/v2\/users\/1"}],"replies":[{"embeddable":true,"href":"https:\/\/luisvaltierranoticias.com\/index.php?rest_route=%2Fwp%2Fv2%2Fcomments&post=2419"}],"version-history":[{"count":1,"href":"https:\/\/luisvaltierranoticias.com\/index.php?rest_route=\/wp\/v2\/posts\/2419\/revisions"}],"predecessor-version":[{"id":2421,"href":"https:\/\/luisvaltierranoticias.com\/index.php?rest_route=\/wp\/v2\/posts\/2419\/revisions\/2421"}],"wp:featuredmedia":[{"embeddable":true,"href":"https:\/\/luisvaltierranoticias.com\/index.php?rest_route=\/wp\/v2\/media\/2420"}],"wp:attachment":[{"href":"https:\/\/luisvaltierranoticias.com\/index.php?rest_route=%2Fwp%2Fv2%2Fmedia&parent=2419"}],"wp:term":[{"taxonomy":"category","embeddable":true,"href":"https:\/\/luisvaltierranoticias.com\/index.php?rest_route=%2Fwp%2Fv2%2Fcategories&post=2419"},{"taxonomy":"post_tag","embeddable":true,"href":"https:\/\/luisvaltierranoticias.com\/index.php?rest_route=%2Fwp%2Fv2%2Ftags&post=2419"}],"curies":[{"name":"wp","href":"https:\/\/api.w.org\/{rel}","templated":true}]}}