{"id":2401,"date":"2023-10-13T10:13:09","date_gmt":"2023-10-13T15:13:09","guid":{"rendered":"https:\/\/luisvaltierranoticias.com\/?p=2401"},"modified":"2023-10-13T10:13:11","modified_gmt":"2023-10-13T15:13:11","slug":"inaugura-carmen-lilia-canturosas-festival-internacional-de-la-costa-del-seno-mexicano-en-nuevo-laredo","status":"publish","type":"post","link":"https:\/\/luisvaltierranoticias.com\/?p=2401","title":{"rendered":"INAUGUR\u00c1 CARMEN LILIA CANTUROSAS FESTIVAL INTERNACIONAL DE LA COSTA DEL SENO MEXICANO EN NUEVO LAREDO"},"content":{"rendered":"\n<p>Por: Staff | #NuevoLaredo #Tamaulipas<\/p>\n\n\n\n<p>Despu\u00e9s de 10 a\u00f1os de ausencia, el Festival Internacional de la Costa del Seno Mexicano regresa a Tamaulipas en su edici\u00f3n 21 con un amplio repertorio de actividades art\u00edsticas y culturales que dar\u00e1n inicio en Nuevo Laredo y se replicar\u00e1 en otros 29 municipios de la entidad.<\/p>\n\n\n\n<p>La alcaldesa Carmen Lilia Canturosas Villarreal, quien inaugur\u00f3 este festival, destac\u00f3 que gracias al impulso del gobernador Am\u00e9rico Villarreal Anaya, en Tamaulipas se vive una nueva era de cultura en la que a trav\u00e9s del arte tambi\u00e9n se construye la transformaci\u00f3n del estado.<\/p>\n\n\n\n<p>\u201cEn Nuevo Laredo vivimos una nueva era de prosperidad, en la que d\u00eda a d\u00eda refrendamos nuestro liderazgo en competitividad, comercio internacional y apoyo a la cultura y todas sus manifestaciones art\u00edsticas; en la que trabajamos hombro a hombro con el Estado y sociedad para impulsar eventos como este, que nos ponen en el reflector internacional y nos abrir\u00e1 puertas para construir un futuro mejor para todos\u201d, subray\u00f3.<\/p>\n\n\n\n<p>El acto inaugural se dio en el Centro Cultural y el n\u00famero fue una presentaci\u00f3n art\u00edstica de \u201cLa Maga de Cort\u00e1zar\u201d, una agrupaci\u00f3n de Tango.<\/p>\n\n\n\n<p>El Festival Internacional de la Costa del Seno Mexicano se trata de una iniciativa que puso en marcha el exgobernador Am\u00e9rico Villarreal Guerra con el objetivo de preservar el legado cultural de Tamaulipas, M\u00e9xico y el mundo.<\/p>\n","protected":false},"excerpt":{"rendered":"<p>Por: Staff | #NuevoLaredo #Tamaulipas Despu\u00e9s de 10 a\u00f1os de ausencia, el Festival Internacional de la Costa del Seno Mexicano regresa a Tamaulipas en su edici\u00f3n 21 con un amplio repertorio de actividades art\u00edsticas y culturales que dar\u00e1n inicio en Nuevo Laredo y se replicar\u00e1 en otros 29 municipios de la entidad. La alcaldesa Carmen [&hellip;]<\/p>\n","protected":false},"author":1,"featured_media":2402,"comment_status":"open","ping_status":"open","sticky":false,"template":"","format":"standard","meta":{"footnotes":""},"categories":[31],"tags":[],"class_list":{"0":"post-2401","1":"post","2":"type-post","3":"status-publish","4":"format-standard","5":"has-post-thumbnail","7":"category-nuevo-laredo"},"amp_enabled":true,"_links":{"self":[{"href":"https:\/\/luisvaltierranoticias.com\/index.php?rest_route=\/wp\/v2\/posts\/2401","targetHints":{"allow":["GET"]}}],"collection":[{"href":"https:\/\/luisvaltierranoticias.com\/index.php?rest_route=\/wp\/v2\/posts"}],"about":[{"href":"https:\/\/luisvaltierranoticias.com\/index.php?rest_route=\/wp\/v2\/types\/post"}],"author":[{"embeddable":true,"href":"https:\/\/luisvaltierranoticias.com\/index.php?rest_route=\/wp\/v2\/users\/1"}],"replies":[{"embeddable":true,"href":"https:\/\/luisvaltierranoticias.com\/index.php?rest_route=%2Fwp%2Fv2%2Fcomments&post=2401"}],"version-history":[{"count":1,"href":"https:\/\/luisvaltierranoticias.com\/index.php?rest_route=\/wp\/v2\/posts\/2401\/revisions"}],"predecessor-version":[{"id":2403,"href":"https:\/\/luisvaltierranoticias.com\/index.php?rest_route=\/wp\/v2\/posts\/2401\/revisions\/2403"}],"wp:featuredmedia":[{"embeddable":true,"href":"https:\/\/luisvaltierranoticias.com\/index.php?rest_route=\/wp\/v2\/media\/2402"}],"wp:attachment":[{"href":"https:\/\/luisvaltierranoticias.com\/index.php?rest_route=%2Fwp%2Fv2%2Fmedia&parent=2401"}],"wp:term":[{"taxonomy":"category","embeddable":true,"href":"https:\/\/luisvaltierranoticias.com\/index.php?rest_route=%2Fwp%2Fv2%2Fcategories&post=2401"},{"taxonomy":"post_tag","embeddable":true,"href":"https:\/\/luisvaltierranoticias.com\/index.php?rest_route=%2Fwp%2Fv2%2Ftags&post=2401"}],"curies":[{"name":"wp","href":"https:\/\/api.w.org\/{rel}","templated":true}]}}