{"id":2386,"date":"2023-10-12T14:57:29","date_gmt":"2023-10-12T19:57:29","guid":{"rendered":"https:\/\/luisvaltierranoticias.com\/?p=2386"},"modified":"2023-10-12T14:57:31","modified_gmt":"2023-10-12T19:57:31","slug":"pasara-22-anos-en-la-carcel-sujeto-que-mato-a-golpes-a-su-hijo-en-nuevo-laredo","status":"publish","type":"post","link":"https:\/\/luisvaltierranoticias.com\/?p=2386","title":{"rendered":"Pasar\u00e1 22 a\u00f1os en la c\u00e1rcel sujeto que mat\u00f3 a golpes a su hijo en Nuevo Laredo"},"content":{"rendered":"\n<p>Por: Agencias<\/p>\n\n\n\n<p>Nuevo Laredo, Tamaulipas.- Autoridades de Tamaulipas encontraron culpable de la muerte de su propio hijo a Alexis \u201cM\u201d quien pasar\u00e1 un total de 22 a\u00f1os y seis meses en prisi\u00f3n.<\/p>\n\n\n\n<p>A trav\u00e9s de un comunicado de prensa, la Fiscal\u00eda General de Justicia de Tamaulipas se\u00f1al\u00f3 que, gracias a las pruebas obtenidas durante la investigaci\u00f3n, se pudo comprobar la responsabilidad del sujeto en el asesinado del ni\u00f1o de un a\u00f1o y siete meses de edad.<\/p>\n\n\n\n<p>Los hechos ocurrieron el pasado 8 de mayo en la colonia Solidaridad 2 en el municipio de Nuevo Laredo, Tamaulipas, cuando el hombre golpe\u00f3 en repetidas ocasiones al menor de edad.<\/p>\n\n\n\n<p>Las lesiones causadas por los golpes ocasionaron que los padres los llevaran al Hospital Laredo, donde los m\u00e9dicos determinaron la muerte del ni\u00f1o.<\/p>\n\n\n\n<p>M\u00e9dicos denuncian al padre del ni\u00f1o:<\/p>\n\n\n\n<p>Los m\u00e9dicos siguieron el protocolo para casos de este tipo y dieron aviso a las autoridades locales, quienes capturaron en el hospital al padre como presunto responsable de las lesiones al menor.<\/p>\n\n\n\n<p>Tras obtener las pruebas necesarias, la Fiscal\u00eda logr\u00f3 determinar la responsabilidad de Alexis \u201cM\u201d en la muerte de su hijo, por lo que el juez determin\u00f3 que deb\u00eda ir a prisi\u00f3n.<\/p>\n\n\n\n<p>\u201cAnte la contundencia de los elementos de prueba aportados por el Representante Social, Alexis \u2018M\u2019 y su defensa aceptaron un procedimiento abreviado por la responsabilidad en el citado delito, registrado el 8 de mayo de 2023 en la colonia Solidaridad 2, de este municipio\u201d, detalla el comunicado publicado por la dependencia.<\/p>\n\n\n\n<p>Se desconoce si la madre del menor est\u00e1 siendo investigada, ya que ella tambi\u00e9n acudi\u00f3 con el menor al hospital en donde se denunci\u00f3 a su pareja sentimental.<\/p>\n","protected":false},"excerpt":{"rendered":"<p>Por: Agencias Nuevo Laredo, Tamaulipas.- Autoridades de Tamaulipas encontraron culpable de la muerte de su propio hijo a Alexis \u201cM\u201d quien pasar\u00e1 un total de 22 a\u00f1os y seis meses en prisi\u00f3n. A trav\u00e9s de un comunicado de prensa, la Fiscal\u00eda General de Justicia de Tamaulipas se\u00f1al\u00f3 que, gracias a las pruebas obtenidas durante la [&hellip;]<\/p>\n","protected":false},"author":1,"featured_media":2387,"comment_status":"open","ping_status":"open","sticky":false,"template":"","format":"standard","meta":{"footnotes":""},"categories":[55],"tags":[],"class_list":{"0":"post-2386","1":"post","2":"type-post","3":"status-publish","4":"format-standard","5":"has-post-thumbnail","7":"category-seguridad"},"amp_enabled":true,"_links":{"self":[{"href":"https:\/\/luisvaltierranoticias.com\/index.php?rest_route=\/wp\/v2\/posts\/2386","targetHints":{"allow":["GET"]}}],"collection":[{"href":"https:\/\/luisvaltierranoticias.com\/index.php?rest_route=\/wp\/v2\/posts"}],"about":[{"href":"https:\/\/luisvaltierranoticias.com\/index.php?rest_route=\/wp\/v2\/types\/post"}],"author":[{"embeddable":true,"href":"https:\/\/luisvaltierranoticias.com\/index.php?rest_route=\/wp\/v2\/users\/1"}],"replies":[{"embeddable":true,"href":"https:\/\/luisvaltierranoticias.com\/index.php?rest_route=%2Fwp%2Fv2%2Fcomments&post=2386"}],"version-history":[{"count":1,"href":"https:\/\/luisvaltierranoticias.com\/index.php?rest_route=\/wp\/v2\/posts\/2386\/revisions"}],"predecessor-version":[{"id":2388,"href":"https:\/\/luisvaltierranoticias.com\/index.php?rest_route=\/wp\/v2\/posts\/2386\/revisions\/2388"}],"wp:featuredmedia":[{"embeddable":true,"href":"https:\/\/luisvaltierranoticias.com\/index.php?rest_route=\/wp\/v2\/media\/2387"}],"wp:attachment":[{"href":"https:\/\/luisvaltierranoticias.com\/index.php?rest_route=%2Fwp%2Fv2%2Fmedia&parent=2386"}],"wp:term":[{"taxonomy":"category","embeddable":true,"href":"https:\/\/luisvaltierranoticias.com\/index.php?rest_route=%2Fwp%2Fv2%2Fcategories&post=2386"},{"taxonomy":"post_tag","embeddable":true,"href":"https:\/\/luisvaltierranoticias.com\/index.php?rest_route=%2Fwp%2Fv2%2Ftags&post=2386"}],"curies":[{"name":"wp","href":"https:\/\/api.w.org\/{rel}","templated":true}]}}