{"id":2365,"date":"2023-10-12T11:55:12","date_gmt":"2023-10-12T16:55:12","guid":{"rendered":"https:\/\/luisvaltierranoticias.com\/?p=2365"},"modified":"2023-10-12T11:55:13","modified_gmt":"2023-10-12T16:55:13","slug":"invierten-gobierno-del-estado-y-dif-tamaulipas-mas-de-2-millones-de-pesos-en-infraestructura-para-pacientes-que-acuden-al-crit","status":"publish","type":"post","link":"https:\/\/luisvaltierranoticias.com\/?p=2365","title":{"rendered":"Invierten Gobierno del Estado y DIF Tamaulipas m\u00e1s de 2 millones de pesos en infraestructura para pacientes que acuden al CRIT"},"content":{"rendered":"\n<p>-Un puente peatonal y un andador de concreto se construyen en 180 metros lineales para comunicar el centro de rehabilitaci\u00f3n y un albergue<\/p>\n\n\n\n<p>Por: Agencias<\/p>\n\n\n\n<p>Altamira, Tamaulipas. Con visi\u00f3n humanista y atendiendo una petici\u00f3n de familiares y pacientes que acuden a recibir alg\u00fan servicio en el Centro de Rehabilitaci\u00f3n e Inclusi\u00f3n Infantil Tamaulipas (CRIT), la doctora Mar\u00eda Santiago de Villarreal, presidenta del Sistema DIF Tamaulipas, gestion\u00f3 junto a la Secretar\u00eda de Obras P\u00fablicas del Gobierno Estatal una obra de infraestructura en ese lugar.<\/p>\n\n\n\n<p>La obra que se construye en la actualidad consta de 180 metros lineales y estar\u00e1 comunicando mediante un puente peatonal y un andador de concreto al CRIT con el albergue \u201cNuestra Casita\u201d, que se encuentra a espaldas del centro de rehabilitaci\u00f3n y es usado por pacientes y sus acompa\u00f1antes que viajan desde diferentes lugares del estado y del pa\u00eds para recibir atenci\u00f3n especializada.<\/p>\n\n\n\n<p>El director general del Sistema DIF Tamaulipas, Geancarlo Bonetta Cavazos, mencion\u00f3 que junto a la Secretar\u00eda de Obras P\u00fablicas trabajan ese proyecto con un presupuesto de 2 millones 118 mil 753 pesos, y se tiene estimada su culminaci\u00f3n para finales de este mismo a\u00f1o, a\u00f1adiendo que esta obra dar\u00e1 mayor seguridad a los usuarios al evitar su traslado por un costado de la carretera nacional como lo hacen en la actualidad.<\/p>\n","protected":false},"excerpt":{"rendered":"<p>-Un puente peatonal y un andador de concreto se construyen en 180 metros lineales para comunicar el centro de rehabilitaci\u00f3n y un albergue Por: Agencias Altamira, Tamaulipas. Con visi\u00f3n humanista y atendiendo una petici\u00f3n de familiares y pacientes que acuden a recibir alg\u00fan servicio en el Centro de Rehabilitaci\u00f3n e Inclusi\u00f3n Infantil Tamaulipas (CRIT), la [&hellip;]<\/p>\n","protected":false},"author":1,"featured_media":2366,"comment_status":"open","ping_status":"open","sticky":false,"template":"","format":"standard","meta":{"footnotes":""},"categories":[53],"tags":[],"class_list":{"0":"post-2365","1":"post","2":"type-post","3":"status-publish","4":"format-standard","5":"has-post-thumbnail","7":"category-tamaulipas"},"amp_enabled":true,"_links":{"self":[{"href":"https:\/\/luisvaltierranoticias.com\/index.php?rest_route=\/wp\/v2\/posts\/2365","targetHints":{"allow":["GET"]}}],"collection":[{"href":"https:\/\/luisvaltierranoticias.com\/index.php?rest_route=\/wp\/v2\/posts"}],"about":[{"href":"https:\/\/luisvaltierranoticias.com\/index.php?rest_route=\/wp\/v2\/types\/post"}],"author":[{"embeddable":true,"href":"https:\/\/luisvaltierranoticias.com\/index.php?rest_route=\/wp\/v2\/users\/1"}],"replies":[{"embeddable":true,"href":"https:\/\/luisvaltierranoticias.com\/index.php?rest_route=%2Fwp%2Fv2%2Fcomments&post=2365"}],"version-history":[{"count":1,"href":"https:\/\/luisvaltierranoticias.com\/index.php?rest_route=\/wp\/v2\/posts\/2365\/revisions"}],"predecessor-version":[{"id":2367,"href":"https:\/\/luisvaltierranoticias.com\/index.php?rest_route=\/wp\/v2\/posts\/2365\/revisions\/2367"}],"wp:featuredmedia":[{"embeddable":true,"href":"https:\/\/luisvaltierranoticias.com\/index.php?rest_route=\/wp\/v2\/media\/2366"}],"wp:attachment":[{"href":"https:\/\/luisvaltierranoticias.com\/index.php?rest_route=%2Fwp%2Fv2%2Fmedia&parent=2365"}],"wp:term":[{"taxonomy":"category","embeddable":true,"href":"https:\/\/luisvaltierranoticias.com\/index.php?rest_route=%2Fwp%2Fv2%2Fcategories&post=2365"},{"taxonomy":"post_tag","embeddable":true,"href":"https:\/\/luisvaltierranoticias.com\/index.php?rest_route=%2Fwp%2Fv2%2Ftags&post=2365"}],"curies":[{"name":"wp","href":"https:\/\/api.w.org\/{rel}","templated":true}]}}