{"id":2352,"date":"2023-10-11T20:51:09","date_gmt":"2023-10-12T01:51:09","guid":{"rendered":"https:\/\/luisvaltierranoticias.com\/?p=2352"},"modified":"2023-10-11T20:51:11","modified_gmt":"2023-10-12T01:51:11","slug":"anuncia-alcaldesa-carmen-lilia-canturosas-foro-renueva-tu-mente-con-presentacion-de-farid-dieck","status":"publish","type":"post","link":"https:\/\/luisvaltierranoticias.com\/?p=2352","title":{"rendered":"ANUNCIA ALCALDESA CARMEN LILIA CANTUROSAS FORO \u201cRENUEVA TU MENTE\u201d CON PRESENTACI\u00d3N DE FARID DIECK"},"content":{"rendered":"\n<p>Por: Staff | #NuevoLaredo #Tamaulipas<\/p>\n\n\n\n<p>Para impulsar acciones sobre la importancia de la salud mental de la juventud de Nuevo Laredo se llevar\u00e1 a cabo el Foro \u201cRenueva tu mente\u201d, a cargo de Farid Dieck creador de contenido digital enfocado en la psicolog\u00eda y filosof\u00eda.<\/p>\n\n\n\n<p>A trav\u00e9s de un live en redes sociales, la alcaldesa Carmen Lilia Canturosas Villarreal, anunci\u00f3 que para el gobierno municipal es un compromiso brindar a los j\u00f3venes opciones para su desarrollo as\u00ed como para atender su salud f\u00edsica y mental.<\/p>\n\n\n\n<p>\u201cEstoy muy contenta de dar a conocer esta noticia, siempre hemos sido muy insistentes de lo importante que es para nosotros la salud y en este caso la salud mental, por eso invitamos a los j\u00f3venes para que se acerquen a este evento\u201d, se\u00f1al\u00f3 Canturosas, presidenta municipal.<\/p>\n\n\n\n<p>El foro es organizado por Instituto Municipal de la Juventud (IMJUVE) y del Instituto Municipal para la Prevenci\u00f3n de Adicciones, Conductas y Tendencias Antisociales (IMPACTA) quienes en colaboraci\u00f3n fortalecen acciones en favor de la juventud.<\/p>\n\n\n\n<p>El evento ser\u00e1 gratuito y se llevar\u00e1 a cabo el mi\u00e9rcoles 25 de octubre en el Polyforum La Fe a partir de las 9:00 de la ma\u00f1ana.<\/p>\n\n\n\n<p>Farid Dieck expondr\u00e1 sobre la prioridad de la salud mental, el romper tab\u00faes al respecto, crear conciencia sobre visibilizar y atender este tema.<\/p>\n\n\n\n<p>El influencer cuenta con licenciatura en Psicolog\u00eda, as\u00ed como una maestr\u00eda en salud mental, en cl\u00ednica psicoanal\u00edtica, ha estudiado filosof\u00eda moral y ciencias de la felicidad mediante diplomados.<\/p>\n\n\n\n<p>Tambi\u00e9n se instalar\u00e1n m\u00f3dulos de las diferentes instituciones municipales que dedican a brindar atenci\u00f3n psicol\u00f3gica.<\/p>\n\n\n\n<p>La entrada ser\u00e1 completamente gratuita para todos los j\u00f3venes de la ciudad, solamente deber\u00e1n registrarse en el siguiente enlace: https:\/\/forms.gle\/aScpfDxz35M1x4jh6<\/p>\n\n\n\n<figure class=\"wp-block-image size-full\"><img loading=\"lazy\" decoding=\"async\" width=\"768\" height=\"960\" src=\"https:\/\/luisvaltierranoticias.com\/wp-content\/uploads\/2023\/10\/WhatsApp-Image-2023-10-11-at-7.02.58-PM.jpeg\" alt=\"\" class=\"wp-image-2354\" srcset=\"https:\/\/luisvaltierranoticias.com\/wp-content\/uploads\/2023\/10\/WhatsApp-Image-2023-10-11-at-7.02.58-PM.jpeg 768w, https:\/\/luisvaltierranoticias.com\/wp-content\/uploads\/2023\/10\/WhatsApp-Image-2023-10-11-at-7.02.58-PM-240x300.jpeg 240w, https:\/\/luisvaltierranoticias.com\/wp-content\/uploads\/2023\/10\/WhatsApp-Image-2023-10-11-at-7.02.58-PM-150x188.jpeg 150w, https:\/\/luisvaltierranoticias.com\/wp-content\/uploads\/2023\/10\/WhatsApp-Image-2023-10-11-at-7.02.58-PM-300x375.jpeg 300w, https:\/\/luisvaltierranoticias.com\/wp-content\/uploads\/2023\/10\/WhatsApp-Image-2023-10-11-at-7.02.58-PM-696x870.jpeg 696w\" sizes=\"auto, (max-width: 768px) 100vw, 768px\" \/><\/figure>\n","protected":false},"excerpt":{"rendered":"<p>Por: Staff | #NuevoLaredo #Tamaulipas Para impulsar acciones sobre la importancia de la salud mental de la juventud de Nuevo Laredo se llevar\u00e1 a cabo el Foro \u201cRenueva tu mente\u201d, a cargo de Farid Dieck creador de contenido digital enfocado en la psicolog\u00eda y filosof\u00eda. A trav\u00e9s de un live en redes sociales, la alcaldesa [&hellip;]<\/p>\n","protected":false},"author":1,"featured_media":2353,"comment_status":"open","ping_status":"open","sticky":false,"template":"","format":"standard","meta":{"footnotes":""},"categories":[31],"tags":[],"class_list":{"0":"post-2352","1":"post","2":"type-post","3":"status-publish","4":"format-standard","5":"has-post-thumbnail","7":"category-nuevo-laredo"},"amp_enabled":true,"_links":{"self":[{"href":"https:\/\/luisvaltierranoticias.com\/index.php?rest_route=\/wp\/v2\/posts\/2352","targetHints":{"allow":["GET"]}}],"collection":[{"href":"https:\/\/luisvaltierranoticias.com\/index.php?rest_route=\/wp\/v2\/posts"}],"about":[{"href":"https:\/\/luisvaltierranoticias.com\/index.php?rest_route=\/wp\/v2\/types\/post"}],"author":[{"embeddable":true,"href":"https:\/\/luisvaltierranoticias.com\/index.php?rest_route=\/wp\/v2\/users\/1"}],"replies":[{"embeddable":true,"href":"https:\/\/luisvaltierranoticias.com\/index.php?rest_route=%2Fwp%2Fv2%2Fcomments&post=2352"}],"version-history":[{"count":1,"href":"https:\/\/luisvaltierranoticias.com\/index.php?rest_route=\/wp\/v2\/posts\/2352\/revisions"}],"predecessor-version":[{"id":2355,"href":"https:\/\/luisvaltierranoticias.com\/index.php?rest_route=\/wp\/v2\/posts\/2352\/revisions\/2355"}],"wp:featuredmedia":[{"embeddable":true,"href":"https:\/\/luisvaltierranoticias.com\/index.php?rest_route=\/wp\/v2\/media\/2353"}],"wp:attachment":[{"href":"https:\/\/luisvaltierranoticias.com\/index.php?rest_route=%2Fwp%2Fv2%2Fmedia&parent=2352"}],"wp:term":[{"taxonomy":"category","embeddable":true,"href":"https:\/\/luisvaltierranoticias.com\/index.php?rest_route=%2Fwp%2Fv2%2Fcategories&post=2352"},{"taxonomy":"post_tag","embeddable":true,"href":"https:\/\/luisvaltierranoticias.com\/index.php?rest_route=%2Fwp%2Fv2%2Ftags&post=2352"}],"curies":[{"name":"wp","href":"https:\/\/api.w.org\/{rel}","templated":true}]}}