{"id":2347,"date":"2023-10-11T17:04:36","date_gmt":"2023-10-11T22:04:36","guid":{"rendered":"https:\/\/luisvaltierranoticias.com\/?p=2347"},"modified":"2023-10-11T17:04:38","modified_gmt":"2023-10-11T22:04:38","slug":"todo-listo-para-el-inicio-del-festival-internacional-de-la-costa-del-seno-mexicano-en-nuevo-laredo","status":"publish","type":"post","link":"https:\/\/luisvaltierranoticias.com\/?p=2347","title":{"rendered":"TODO LISTO PARA EL INICIO DEL FESTIVAL INTERNACIONAL DE LA COSTA DEL SENO MEXICANO EN NUEVO LAREDO"},"content":{"rendered":"\n<p>Por: Staff | #NuevoLaredo #Tamaulipas<\/p>\n\n\n\n<p>Este jueves en punto de las 7:00 de la tarde en el Centro Cultural de la ciudad, dar\u00e1 inici\u00f3 la edici\u00f3n XXI del Festival Internacional de la Costa del Seno Mexicano, que se llevar\u00e1 a cabo en todo el estado.<\/p>\n\n\n\n<p>En Nuevo Laredo dar\u00e1 inicio con la presentaci\u00f3n estelar del Show de Tango \u201cLa Maga\u201d, un espect\u00e1culo que combina luz, m\u00fasica y danza.<\/p>\n\n\n\n<p>Todos los eventos correspondientes a este festival internacional que se realizar\u00e1n en el Centro Cultural ser\u00e1n completamente gratuitos, sin embargo se va a requerir boleto, los cuales est\u00e1n disponibles en el m\u00f3dulo del CIGA ubicado en el anexo a presidencia municipal en un horario de lunes a viernes de 9 am a 7 pm y s\u00e1bado de 10 am a 1 pm.<\/p>\n","protected":false},"excerpt":{"rendered":"<p>Por: Staff | #NuevoLaredo #Tamaulipas Este jueves en punto de las 7:00 de la tarde en el Centro Cultural de la ciudad, dar\u00e1 inici\u00f3 la edici\u00f3n XXI del Festival Internacional de la Costa del Seno Mexicano, que se llevar\u00e1 a cabo en todo el estado. En Nuevo Laredo dar\u00e1 inicio con la presentaci\u00f3n estelar del [&hellip;]<\/p>\n","protected":false},"author":1,"featured_media":2302,"comment_status":"open","ping_status":"open","sticky":false,"template":"","format":"standard","meta":{"footnotes":""},"categories":[31],"tags":[],"class_list":{"0":"post-2347","1":"post","2":"type-post","3":"status-publish","4":"format-standard","5":"has-post-thumbnail","7":"category-nuevo-laredo"},"amp_enabled":true,"_links":{"self":[{"href":"https:\/\/luisvaltierranoticias.com\/index.php?rest_route=\/wp\/v2\/posts\/2347","targetHints":{"allow":["GET"]}}],"collection":[{"href":"https:\/\/luisvaltierranoticias.com\/index.php?rest_route=\/wp\/v2\/posts"}],"about":[{"href":"https:\/\/luisvaltierranoticias.com\/index.php?rest_route=\/wp\/v2\/types\/post"}],"author":[{"embeddable":true,"href":"https:\/\/luisvaltierranoticias.com\/index.php?rest_route=\/wp\/v2\/users\/1"}],"replies":[{"embeddable":true,"href":"https:\/\/luisvaltierranoticias.com\/index.php?rest_route=%2Fwp%2Fv2%2Fcomments&post=2347"}],"version-history":[{"count":1,"href":"https:\/\/luisvaltierranoticias.com\/index.php?rest_route=\/wp\/v2\/posts\/2347\/revisions"}],"predecessor-version":[{"id":2348,"href":"https:\/\/luisvaltierranoticias.com\/index.php?rest_route=\/wp\/v2\/posts\/2347\/revisions\/2348"}],"wp:featuredmedia":[{"embeddable":true,"href":"https:\/\/luisvaltierranoticias.com\/index.php?rest_route=\/wp\/v2\/media\/2302"}],"wp:attachment":[{"href":"https:\/\/luisvaltierranoticias.com\/index.php?rest_route=%2Fwp%2Fv2%2Fmedia&parent=2347"}],"wp:term":[{"taxonomy":"category","embeddable":true,"href":"https:\/\/luisvaltierranoticias.com\/index.php?rest_route=%2Fwp%2Fv2%2Fcategories&post=2347"},{"taxonomy":"post_tag","embeddable":true,"href":"https:\/\/luisvaltierranoticias.com\/index.php?rest_route=%2Fwp%2Fv2%2Ftags&post=2347"}],"curies":[{"name":"wp","href":"https:\/\/api.w.org\/{rel}","templated":true}]}}