{"id":20902,"date":"2026-09-05T17:51:24","date_gmt":"2026-09-05T22:51:24","guid":{"rendered":"https:\/\/luisvaltierranoticias.com\/?p=20902"},"modified":"2026-09-05T17:51:32","modified_gmt":"2026-09-05T22:51:32","slug":"fortalecen-capacitacion-para-emprendedores-de-nuevo-laredo","status":"publish","type":"post","link":"https:\/\/luisvaltierranoticias.com\/?p=20902","title":{"rendered":"Fortalecen capacitaci\u00f3n para emprendedores de Nuevo Laredo"},"content":{"rendered":"\n<p class=\"wp-block-paragraph\">Por: Fernanda Valtierra | #NuevoLaredo #Laredo #NLD #Tamaulipas<\/p>\n\n\n\n<p class=\"wp-block-paragraph\">Nuevo Laredo, Tamaulipas.\u2014 Con la finalidad de que los peque\u00f1os negocios puedan avanzar hacia una operaci\u00f3n m\u00e1s ordenada y profesional, el Gobierno Municipal, mediante la Secretar\u00eda de Desarrollo Econ\u00f3mico, imparti\u00f3 la capacitaci\u00f3n \u201cOrganiza tu negocio como empresa\u201d, dirigida a integrantes de la tercera generaci\u00f3n del programa de acompa\u00f1amiento \u201cHecho en Nuevo Laredo\u201d.<\/p>\n\n\n\n<p class=\"wp-block-paragraph\">La jornada se realiz\u00f3 en coordinaci\u00f3n con la C\u00e1mara Nacional de Comercio, Servicios y Turismo de Nuevo Laredo (CANACO) y estuvo enfocada en emprendedores que buscan dejar atr\u00e1s la etapa inicial de sus proyectos para convertirlos en negocios con procesos definidos, mayor organizaci\u00f3n y mejores perspectivas de crecimiento.<\/p>\n\n\n\n<p class=\"wp-block-paragraph\">El curso fue impartido por el ingeniero Adeodato Torres Acosta, quien comparti\u00f3 conocimientos y herramientas encaminadas a mejorar la administraci\u00f3n de los establecimientos, revisar sus procesos internos y adoptar una visi\u00f3n empresarial que facilite la toma de decisiones.<\/p>\n\n\n\n<p class=\"wp-block-paragraph\">Durante la capacitaci\u00f3n tambi\u00e9n se puso \u00e9nfasis en la importancia de contar con una estructura adecuada para hacer frente a los desaf\u00edos de un mercado que exige cada vez mayor preparaci\u00f3n, capacidad de adaptaci\u00f3n y competitividad.<\/p>\n\n\n\n<p class=\"wp-block-paragraph\">El programa \u201cHecho en Nuevo Laredo\u201d busca acompa\u00f1ar a los emprendedores m\u00e1s all\u00e1 del momento en que ponen en marcha una idea de negocio. La estrategia contempla capacitaci\u00f3n y asesor\u00eda para ayudar a que los proyectos locales alcancen estabilidad, mejoren su funcionamiento y tengan posibilidades reales de mantenerse y crecer.<\/p>\n\n\n\n<p class=\"wp-block-paragraph\">Desde la Secretar\u00eda de Desarrollo Econ\u00f3mico se destac\u00f3 que fortalecer las capacidades de quienes emprenden representa tambi\u00e9n una forma de impulsar la econom\u00eda local, al favorecer la creaci\u00f3n y consolidaci\u00f3n de empresas capaces de generar empleos y nuevas oportunidades.<\/p>\n\n\n\n<p class=\"wp-block-paragraph\">Con este tipo de actividades, el Gobierno Municipal mantiene el respaldo al talento emprendedor de Nuevo Laredo y apuesta por una comunidad empresarial mejor preparada, con herramientas para competir, crecer y convertir sus proyectos en negocios sostenibles.<\/p>\n","protected":false},"excerpt":{"rendered":"<p>Por: Fernanda Valtierra | #NuevoLaredo #Laredo #NLD #Tamaulipas Nuevo Laredo, Tamaulipas.\u2014 Con la finalidad de que los peque\u00f1os negocios puedan avanzar hacia una operaci\u00f3n m\u00e1s ordenada y profesional, el Gobierno Municipal, mediante la Secretar\u00eda de Desarrollo Econ\u00f3mico, imparti\u00f3 la capacitaci\u00f3n \u201cOrganiza tu negocio como empresa\u201d, dirigida a integrantes de la tercera generaci\u00f3n del programa de [&hellip;]<\/p>\n","protected":false},"author":1,"featured_media":20903,"comment_status":"open","ping_status":"open","sticky":false,"template":"","format":"standard","meta":{"footnotes":""},"categories":[31],"tags":[],"class_list":["post-20902","post","type-post","status-publish","format-standard","has-post-thumbnail","category-nuevo-laredo"],"amp_enabled":true,"_links":{"self":[{"href":"https:\/\/luisvaltierranoticias.com\/index.php?rest_route=\/wp\/v2\/posts\/20902","targetHints":{"allow":["GET"]}}],"collection":[{"href":"https:\/\/luisvaltierranoticias.com\/index.php?rest_route=\/wp\/v2\/posts"}],"about":[{"href":"https:\/\/luisvaltierranoticias.com\/index.php?rest_route=\/wp\/v2\/types\/post"}],"author":[{"embeddable":true,"href":"https:\/\/luisvaltierranoticias.com\/index.php?rest_route=\/wp\/v2\/users\/1"}],"replies":[{"embeddable":true,"href":"https:\/\/luisvaltierranoticias.com\/index.php?rest_route=%2Fwp%2Fv2%2Fcomments&post=20902"}],"version-history":[{"count":1,"href":"https:\/\/luisvaltierranoticias.com\/index.php?rest_route=\/wp\/v2\/posts\/20902\/revisions"}],"predecessor-version":[{"id":20904,"href":"https:\/\/luisvaltierranoticias.com\/index.php?rest_route=\/wp\/v2\/posts\/20902\/revisions\/20904"}],"wp:featuredmedia":[{"embeddable":true,"href":"https:\/\/luisvaltierranoticias.com\/index.php?rest_route=\/wp\/v2\/media\/20903"}],"wp:attachment":[{"href":"https:\/\/luisvaltierranoticias.com\/index.php?rest_route=%2Fwp%2Fv2%2Fmedia&parent=20902"}],"wp:term":[{"taxonomy":"category","embeddable":true,"href":"https:\/\/luisvaltierranoticias.com\/index.php?rest_route=%2Fwp%2Fv2%2Fcategories&post=20902"},{"taxonomy":"post_tag","embeddable":true,"href":"https:\/\/luisvaltierranoticias.com\/index.php?rest_route=%2Fwp%2Fv2%2Ftags&post=20902"}],"curies":[{"name":"wp","href":"https:\/\/api.w.org\/{rel}","templated":true}]}}