{"id":20899,"date":"2026-09-05T17:26:46","date_gmt":"2026-09-05T22:26:46","guid":{"rendered":"https:\/\/luisvaltierranoticias.com\/?p=20899"},"modified":"2026-09-05T17:26:52","modified_gmt":"2026-09-05T22:26:52","slug":"sector-empresarial-reconoce-avances-de-nuevo-laredo-tras-segundo-informe","status":"publish","type":"post","link":"https:\/\/luisvaltierranoticias.com\/?p=20899","title":{"rendered":"Sector empresarial reconoce avances de Nuevo Laredo tras Segundo Informe"},"content":{"rendered":"\n<p class=\"wp-block-paragraph\">Por: Luis Valtierra | #NuevoLaredo #Laredo #NLD #Tamaulipas<\/p>\n\n\n\n<p class=\"wp-block-paragraph\">Nuevo Laredo, Tamaulipas.\u2014 Los avances registrados en infraestructura, saneamiento financiero y desarrollo urbano fueron reconocidos por representantes del sector empresarial de Nuevo Laredo, quienes coincidieron en que las acciones emprendidas por el Gobierno Municipal han generado mejores condiciones para el crecimiento de la ciudad.<\/p>\n\n\n\n<p class=\"wp-block-paragraph\">Luego de asistir al Segundo Informe de Gobierno de la presidenta municipal Carmen Lilia Canturosas Villarreal, dirigentes de organismos empresariales destacaron la importancia de las obras realizadas y su impacto tanto en la actividad productiva como en la calidad de vida de las familias.<\/p>\n\n\n\n<p class=\"wp-block-paragraph\">Gabriel Jim\u00e9nez, representante de la C\u00e1mara Mexicana de la Industria de la Construcci\u00f3n (CMIC), consider\u00f3 que la administraci\u00f3n municipal ha atendido distintas necesidades de la ciudad de manera integral, con proyectos que abarcan infraestructura, educaci\u00f3n, cultura y servicios p\u00fablicos.<\/p>\n\n\n\n<p class=\"wp-block-paragraph\">Se\u00f1al\u00f3 que entre las acciones relevantes se encuentran la construcci\u00f3n de escuelas, el desarrollo del Planetario, obras hidr\u00e1ulicas y de drenaje, as\u00ed como la reconstrucci\u00f3n de la avenida Reforma, proyectos que, dijo, contribuyen a construir una ciudad con mejores condiciones para su crecimiento.<\/p>\n\n\n\n<p class=\"wp-block-paragraph\">En materia de movilidad, Sergio Gonz\u00e1lez, presidente del Colegio de Arquitectos de Nuevo Laredo, puso \u00e9nfasis en las obras destinadas a mejorar la circulaci\u00f3n y responder al crecimiento urbano.<\/p>\n\n\n\n<p class=\"wp-block-paragraph\">El arquitecto destac\u00f3 particularmente la conclusi\u00f3n del puente del MEX II, al considerar que este tipo de infraestructura resulta indispensable para mantener el dinamismo de la ciudad y facilitar su expansi\u00f3n.<\/p>\n\n\n\n<p class=\"wp-block-paragraph\">Otro de los puntos reconocidos por el sector productivo fue la situaci\u00f3n financiera del municipio. Agust\u00edn Duarte, presidente de la C\u00e1mara de Comercio, Servicios y Turismo de Nuevo Laredo, calific\u00f3 como relevante que la ciudad haya eliminado su deuda p\u00fablica.<\/p>\n\n\n\n<p class=\"wp-block-paragraph\">Afirm\u00f3 que contar con finanzas municipales sanas permite disponer de mayores recursos para continuar destin\u00e1ndolos a obras e inversiones que beneficien directamente a la poblaci\u00f3n.<\/p>\n\n\n\n<p class=\"wp-block-paragraph\">El dirigente empresarial sostuvo adem\u00e1s que una ciudad con mejores servicios e infraestructura genera confianza entre los inversionistas y, en consecuencia, puede traducirse en mejores oportunidades y condiciones de vida para las familias.<\/p>\n\n\n\n<p class=\"wp-block-paragraph\">Por su parte, Eduardo Lozano, presidente de la Central de Servicios de Carga de Nuevo Laredo, resalt\u00f3 las obras de drenaje pluvial y sanitario que se han desarrollado en distintos sectores.<\/p>\n\n\n\n<p class=\"wp-block-paragraph\">Aunque se trata de infraestructura que no siempre es visible para la poblaci\u00f3n, se\u00f1al\u00f3 que su importancia radica precisamente en los beneficios que dejar\u00e1 a largo plazo para los habitantes y las pr\u00f3ximas generaciones.<\/p>\n\n\n\n<p class=\"wp-block-paragraph\">Enrique Mor\u00e1n, presidente de INDEX Nuevo Laredo, destac\u00f3 proyectos considerados estrat\u00e9gicos para el desarrollo industrial, entre ellos la conclusi\u00f3n del MEX II, la planta tratadora PITAR y la L\u00ednea Morada.<\/p>\n\n\n\n<p class=\"wp-block-paragraph\">Tambi\u00e9n reconoci\u00f3 los programas mediante los cuales el Gobierno Municipal ha acercado servicios y atenci\u00f3n directamente a los centros de trabajo, en coordinaci\u00f3n con el sector industrial.<\/p>\n\n\n\n<p class=\"wp-block-paragraph\">Mor\u00e1n consider\u00f3 que el crecimiento de Nuevo Laredo comienza a tener mayor reconocimiento fuera del municipio, situaci\u00f3n que puede favorecer la llegada de capital nacional y extranjero.<\/p>\n\n\n\n<p class=\"wp-block-paragraph\">A su juicio, los resultados alcanzados generan mayor certidumbre para quienes buscan invertir y para los empresarios que ya mantienen operaciones en la ciudad.<\/p>\n\n\n\n<p class=\"wp-block-paragraph\">Las distintas organizaciones empresariales coincidieron en que los resultados presentados durante el Segundo Informe reflejan avances en \u00e1reas consideradas fundamentales para la competitividad de Nuevo Laredo.<\/p>\n\n\n\n<p class=\"wp-block-paragraph\">Infraestructura, movilidad, servicios p\u00fablicos y finanzas municipales forman parte de una estrategia que, de acuerdo con los representantes del sector productivo, contribuye a fortalecer las condiciones necesarias para atraer inversi\u00f3n, impulsar la actividad econ\u00f3mica y mejorar el bienestar de la poblaci\u00f3n.<\/p>\n\n\n\n<p class=\"wp-block-paragraph\">Con estos resultados, la Administraci\u00f3n Municipal encabezada por Carmen Lilia Canturosas Villarreal busca mantener una ruta de crecimiento sustentada en obras estrat\u00e9gicas, finanzas sanas y acciones orientadas a consolidar a Nuevo Laredo como una ciudad competitiva y con mayores oportunidades para sus habitantes.<\/p>\n","protected":false},"excerpt":{"rendered":"<p>Por: Luis Valtierra | #NuevoLaredo #Laredo #NLD #Tamaulipas Nuevo Laredo, Tamaulipas.\u2014 Los avances registrados en infraestructura, saneamiento financiero y desarrollo urbano fueron reconocidos por representantes del sector empresarial de Nuevo Laredo, quienes coincidieron en que las acciones emprendidas por el Gobierno Municipal han generado mejores condiciones para el crecimiento de la ciudad. Luego de asistir [&hellip;]<\/p>\n","protected":false},"author":1,"featured_media":20900,"comment_status":"open","ping_status":"open","sticky":false,"template":"","format":"standard","meta":{"footnotes":""},"categories":[59,31],"tags":[],"class_list":["post-20899","post","type-post","status-publish","format-standard","has-post-thumbnail","category-destacado","category-nuevo-laredo"],"amp_enabled":true,"_links":{"self":[{"href":"https:\/\/luisvaltierranoticias.com\/index.php?rest_route=\/wp\/v2\/posts\/20899","targetHints":{"allow":["GET"]}}],"collection":[{"href":"https:\/\/luisvaltierranoticias.com\/index.php?rest_route=\/wp\/v2\/posts"}],"about":[{"href":"https:\/\/luisvaltierranoticias.com\/index.php?rest_route=\/wp\/v2\/types\/post"}],"author":[{"embeddable":true,"href":"https:\/\/luisvaltierranoticias.com\/index.php?rest_route=\/wp\/v2\/users\/1"}],"replies":[{"embeddable":true,"href":"https:\/\/luisvaltierranoticias.com\/index.php?rest_route=%2Fwp%2Fv2%2Fcomments&post=20899"}],"version-history":[{"count":1,"href":"https:\/\/luisvaltierranoticias.com\/index.php?rest_route=\/wp\/v2\/posts\/20899\/revisions"}],"predecessor-version":[{"id":20901,"href":"https:\/\/luisvaltierranoticias.com\/index.php?rest_route=\/wp\/v2\/posts\/20899\/revisions\/20901"}],"wp:featuredmedia":[{"embeddable":true,"href":"https:\/\/luisvaltierranoticias.com\/index.php?rest_route=\/wp\/v2\/media\/20900"}],"wp:attachment":[{"href":"https:\/\/luisvaltierranoticias.com\/index.php?rest_route=%2Fwp%2Fv2%2Fmedia&parent=20899"}],"wp:term":[{"taxonomy":"category","embeddable":true,"href":"https:\/\/luisvaltierranoticias.com\/index.php?rest_route=%2Fwp%2Fv2%2Fcategories&post=20899"},{"taxonomy":"post_tag","embeddable":true,"href":"https:\/\/luisvaltierranoticias.com\/index.php?rest_route=%2Fwp%2Fv2%2Ftags&post=20899"}],"curies":[{"name":"wp","href":"https:\/\/api.w.org\/{rel}","templated":true}]}}