{"id":20886,"date":"2026-09-04T16:43:26","date_gmt":"2026-09-04T21:43:26","guid":{"rendered":"https:\/\/luisvaltierranoticias.com\/?p=20886"},"modified":"2026-09-04T16:43:31","modified_gmt":"2026-09-04T21:43:31","slug":"inmujer-participa-en-programa-para-prevenir-la-violencia-de-genero-en-el-cedes","status":"publish","type":"post","link":"https:\/\/luisvaltierranoticias.com\/?p=20886","title":{"rendered":"INMUJER participa en programa para prevenir la violencia de g\u00e9nero en el CEDES"},"content":{"rendered":"\n<p class=\"wp-block-paragraph\">Por: Luis Hern\u00e1ndez | #NuevoLaredo #Laredo #NLD #Tamaulipas<\/p>\n\n\n\n<p class=\"wp-block-paragraph\">Nuevo Laredo, Tamaulipas.- Con el prop\u00f3sito de contribuir a la prevenci\u00f3n de la violencia de g\u00e9nero y fortalecer los procesos de reinserci\u00f3n social, el Instituto Municipal de la Mujer de Nuevo Laredo (INMUJER) se sumar\u00e1 durante los pr\u00f3ximos meses a una jornada de reflexi\u00f3n dirigida a hombres privados de la libertad en el Centro de Ejecuci\u00f3n de Sanciones (CEDES).<\/p>\n\n\n\n<p class=\"wp-block-paragraph\">El programa, denominado \u201cNuestra comunidad de gafas violeta: Empatizar para erradicar la violencia de g\u00e9nero\u201d, plantea un trabajo de car\u00e1cter psicoeducativo y terap\u00e9utico, enfocado en que los participantes desarrollen herramientas para reconocer sus emociones, mejorar su capacidad de empat\u00eda y reflexionar sobre conductas relacionadas con la violencia.<\/p>\n\n\n\n<p class=\"wp-block-paragraph\">Las sesiones estar\u00e1n a cargo de capacitadoras de INMUJER, quienes abordar\u00e1n distintos aspectos vinculados con la construcci\u00f3n social de los roles de g\u00e9nero. Entre los temas contemplados se encuentran las diferencias de g\u00e9nero desde una perspectiva no confrontativa, las exigencias asociadas a la masculinidad tradicional y los llamados mandatos de g\u00e9nero, adem\u00e1s de los roles y las expresiones de violencia presentes en la vida cotidiana.<\/p>\n\n\n\n<p class=\"wp-block-paragraph\">El objetivo es que los participantes puedan identificar patrones y prejuicios machistas que, en determinados contextos, pueden contribuir a la normalizaci\u00f3n de conductas violentas contra las mujeres.<\/p>\n\n\n\n<p class=\"wp-block-paragraph\">A trav\u00e9s de ejercicios de reflexi\u00f3n y herramientas para el manejo y regulaci\u00f3n de las emociones, el programa busca favorecer cambios de conducta que contribuyan a una reinserci\u00f3n social m\u00e1s adecuada y a la prevenci\u00f3n de nuevas expresiones de violencia.<\/p>\n\n\n\n<p class=\"wp-block-paragraph\">La participaci\u00f3n de INMUJER forma parte de las acciones de colaboraci\u00f3n con instituciones que trabajan en la atenci\u00f3n y reinserci\u00f3n de personas privadas de la libertad, bajo una perspectiva de prevenci\u00f3n y construcci\u00f3n de relaciones basadas en el respeto y la igualdad.<\/p>\n\n\n\n<p class=\"wp-block-paragraph\">Con este tipo de programas se pretende que la prevenci\u00f3n de la violencia de g\u00e9nero no se limite a la atenci\u00f3n de casos, sino que tambi\u00e9n contemple procesos de educaci\u00f3n y reflexi\u00f3n dirigidos a modificar conductas y promover una convivencia libre de violencia.<\/p>\n","protected":false},"excerpt":{"rendered":"<p>Por: Luis Hern\u00e1ndez | #NuevoLaredo #Laredo #NLD #Tamaulipas Nuevo Laredo, Tamaulipas.- Con el prop\u00f3sito de contribuir a la prevenci\u00f3n de la violencia de g\u00e9nero y fortalecer los procesos de reinserci\u00f3n social, el Instituto Municipal de la Mujer de Nuevo Laredo (INMUJER) se sumar\u00e1 durante los pr\u00f3ximos meses a una jornada de reflexi\u00f3n dirigida a hombres [&hellip;]<\/p>\n","protected":false},"author":1,"featured_media":20887,"comment_status":"open","ping_status":"open","sticky":false,"template":"","format":"standard","meta":{"footnotes":""},"categories":[31],"tags":[],"class_list":["post-20886","post","type-post","status-publish","format-standard","has-post-thumbnail","category-nuevo-laredo"],"amp_enabled":true,"_links":{"self":[{"href":"https:\/\/luisvaltierranoticias.com\/index.php?rest_route=\/wp\/v2\/posts\/20886","targetHints":{"allow":["GET"]}}],"collection":[{"href":"https:\/\/luisvaltierranoticias.com\/index.php?rest_route=\/wp\/v2\/posts"}],"about":[{"href":"https:\/\/luisvaltierranoticias.com\/index.php?rest_route=\/wp\/v2\/types\/post"}],"author":[{"embeddable":true,"href":"https:\/\/luisvaltierranoticias.com\/index.php?rest_route=\/wp\/v2\/users\/1"}],"replies":[{"embeddable":true,"href":"https:\/\/luisvaltierranoticias.com\/index.php?rest_route=%2Fwp%2Fv2%2Fcomments&post=20886"}],"version-history":[{"count":1,"href":"https:\/\/luisvaltierranoticias.com\/index.php?rest_route=\/wp\/v2\/posts\/20886\/revisions"}],"predecessor-version":[{"id":20888,"href":"https:\/\/luisvaltierranoticias.com\/index.php?rest_route=\/wp\/v2\/posts\/20886\/revisions\/20888"}],"wp:featuredmedia":[{"embeddable":true,"href":"https:\/\/luisvaltierranoticias.com\/index.php?rest_route=\/wp\/v2\/media\/20887"}],"wp:attachment":[{"href":"https:\/\/luisvaltierranoticias.com\/index.php?rest_route=%2Fwp%2Fv2%2Fmedia&parent=20886"}],"wp:term":[{"taxonomy":"category","embeddable":true,"href":"https:\/\/luisvaltierranoticias.com\/index.php?rest_route=%2Fwp%2Fv2%2Fcategories&post=20886"},{"taxonomy":"post_tag","embeddable":true,"href":"https:\/\/luisvaltierranoticias.com\/index.php?rest_route=%2Fwp%2Fv2%2Ftags&post=20886"}],"curies":[{"name":"wp","href":"https:\/\/api.w.org\/{rel}","templated":true}]}}