{"id":20883,"date":"2026-09-04T16:35:35","date_gmt":"2026-09-04T21:35:35","guid":{"rendered":"https:\/\/luisvaltierranoticias.com\/?p=20883"},"modified":"2026-09-04T16:35:40","modified_gmt":"2026-09-04T21:35:40","slug":"invitan-a-neolaredenses-a-participar-en-la-carrera-joven-2026","status":"publish","type":"post","link":"https:\/\/luisvaltierranoticias.com\/?p=20883","title":{"rendered":"Invitan a neolaredenses a participar en la Carrera Joven 2026"},"content":{"rendered":"\n<p class=\"wp-block-paragraph\">Por: Fernanda Valtierra | #NuevoLaredo #Laredo #NLD #Tamaulipas<\/p>\n\n\n\n<p class=\"wp-block-paragraph\">Nuevo Laredo, Tamaulipas.- Todo se encuentra listo para que este domingo 6 de septiembre se lleve a cabo la Carrera Joven 2026, organizada por el Instituto Municipal para el Desarrollo de la Juventud (IMJUVE), como parte de las actividades encaminadas a fomentar el deporte, la activaci\u00f3n f\u00edsica y la convivencia entre las familias de Nuevo Laredo.<\/p>\n\n\n\n<p class=\"wp-block-paragraph\">La competencia comenzar\u00e1 a las 7:30 de la ma\u00f1ana en la Unidad Deportiva Benito Ju\u00e1rez, donde los participantes podr\u00e1n elegir entre recorridos de 3, 5 y 10 kil\u00f3metros, dependiendo de su condici\u00f3n f\u00edsica y preparaci\u00f3n.<\/p>\n\n\n\n<p class=\"wp-block-paragraph\">El director del IMJUVE, V\u00edctor Martell Valtierra, inform\u00f3 que se espera reunir a aproximadamente 500 corredores en esta edici\u00f3n, cuya principal caracter\u00edstica ser\u00e1 su apertura a personas de todas las edades.<\/p>\n\n\n\n<p class=\"wp-block-paragraph\">Explic\u00f3 que, aunque el instituto concentra buena parte de sus programas en j\u00f3venes de entre 12 y 29 a\u00f1os, la carrera fue planteada como un espacio incluyente, en el que puedan participar tambi\u00e9n padres de familia, ni\u00f1os y ciudadan\u00eda en general.<\/p>\n\n\n\n<p class=\"wp-block-paragraph\">\u201cYa est\u00e1 todo listo para la Carrera Joven. Estamos esperando alrededor de 500 corredores y queremos que sea un espacio donde puedan participar los j\u00f3venes, pero tambi\u00e9n sus familias y toda la comunidad\u201d, se\u00f1al\u00f3.<\/p>\n\n\n\n<p class=\"wp-block-paragraph\">Martell Valtierra destac\u00f3 que m\u00e1s all\u00e1 de la competencia, el objetivo es generar un punto de encuentro para que las familias puedan realizar actividad f\u00edsica y compartir una ma\u00f1ana diferente.<\/p>\n\n\n\n<p class=\"wp-block-paragraph\">La Carrera Joven 2026 se suma a las acciones impulsadas por el IMJUVE para promover estilos de vida saludables y abrir espacios de participaci\u00f3n para las nuevas generaciones, utilizando el deporte como una herramienta de convivencia e integraci\u00f3n social.<\/p>\n\n\n\n<p class=\"wp-block-paragraph\">Los primeros corredores que completen su registro tendr\u00e1n derecho a recibir un kit oficial, por lo que el instituto recomend\u00f3 a los interesados realizar su inscripci\u00f3n con anticipaci\u00f3n.<\/p>\n\n\n\n<p class=\"wp-block-paragraph\">La invitaci\u00f3n est\u00e1 dirigida a j\u00f3venes, familias y ciudadan\u00eda en general para que este domingo se sumen a la jornada, ya sea corriendo, acompa\u00f1ando a los participantes o disfrutando de las actividades en la Unidad Deportiva Benito Ju\u00e1rez.<\/p>\n","protected":false},"excerpt":{"rendered":"<p>Por: Fernanda Valtierra | #NuevoLaredo #Laredo #NLD #Tamaulipas Nuevo Laredo, Tamaulipas.- Todo se encuentra listo para que este domingo 6 de septiembre se lleve a cabo la Carrera Joven 2026, organizada por el Instituto Municipal para el Desarrollo de la Juventud (IMJUVE), como parte de las actividades encaminadas a fomentar el deporte, la activaci\u00f3n f\u00edsica [&hellip;]<\/p>\n","protected":false},"author":1,"featured_media":20884,"comment_status":"open","ping_status":"open","sticky":false,"template":"","format":"standard","meta":{"footnotes":""},"categories":[31],"tags":[],"class_list":["post-20883","post","type-post","status-publish","format-standard","has-post-thumbnail","category-nuevo-laredo"],"amp_enabled":true,"_links":{"self":[{"href":"https:\/\/luisvaltierranoticias.com\/index.php?rest_route=\/wp\/v2\/posts\/20883","targetHints":{"allow":["GET"]}}],"collection":[{"href":"https:\/\/luisvaltierranoticias.com\/index.php?rest_route=\/wp\/v2\/posts"}],"about":[{"href":"https:\/\/luisvaltierranoticias.com\/index.php?rest_route=\/wp\/v2\/types\/post"}],"author":[{"embeddable":true,"href":"https:\/\/luisvaltierranoticias.com\/index.php?rest_route=\/wp\/v2\/users\/1"}],"replies":[{"embeddable":true,"href":"https:\/\/luisvaltierranoticias.com\/index.php?rest_route=%2Fwp%2Fv2%2Fcomments&post=20883"}],"version-history":[{"count":1,"href":"https:\/\/luisvaltierranoticias.com\/index.php?rest_route=\/wp\/v2\/posts\/20883\/revisions"}],"predecessor-version":[{"id":20885,"href":"https:\/\/luisvaltierranoticias.com\/index.php?rest_route=\/wp\/v2\/posts\/20883\/revisions\/20885"}],"wp:featuredmedia":[{"embeddable":true,"href":"https:\/\/luisvaltierranoticias.com\/index.php?rest_route=\/wp\/v2\/media\/20884"}],"wp:attachment":[{"href":"https:\/\/luisvaltierranoticias.com\/index.php?rest_route=%2Fwp%2Fv2%2Fmedia&parent=20883"}],"wp:term":[{"taxonomy":"category","embeddable":true,"href":"https:\/\/luisvaltierranoticias.com\/index.php?rest_route=%2Fwp%2Fv2%2Fcategories&post=20883"},{"taxonomy":"post_tag","embeddable":true,"href":"https:\/\/luisvaltierranoticias.com\/index.php?rest_route=%2Fwp%2Fv2%2Ftags&post=20883"}],"curies":[{"name":"wp","href":"https:\/\/api.w.org\/{rel}","templated":true}]}}