{"id":20862,"date":"2026-09-02T19:01:09","date_gmt":"2026-09-03T00:01:09","guid":{"rendered":"https:\/\/luisvaltierranoticias.com\/?p=20862"},"modified":"2026-09-02T19:01:14","modified_gmt":"2026-09-03T00:01:14","slug":"abren-espacio-para-emprendedores-en-bazar-fiestas-patrias-de-nuevo-laredo","status":"publish","type":"post","link":"https:\/\/luisvaltierranoticias.com\/?p=20862","title":{"rendered":"Abren espacio para emprendedores en bazar \u201cFiestas Patrias\u201d de Nuevo Laredo"},"content":{"rendered":"\n<p class=\"wp-block-paragraph\">Por: Luis Hern\u00e1ndez | #NuevoLaredo #Laredo #NLD #Tamaulipas<\/p>\n\n\n\n<p class=\"wp-block-paragraph\">Nuevo Laredo, Tamaulipas.\u2014 Con la intenci\u00f3n de impulsar el comercio local y ofrecer mayor exposici\u00f3n a los peque\u00f1os negocios de la ciudad, el Gobierno Municipal de Nuevo Laredo convoc\u00f3 a emprendedores y comerciantes a participar como expositores en el Bazar \u201cFiestas Patrias\u201d.<\/p>\n\n\n\n<p class=\"wp-block-paragraph\">La actividad se realizar\u00e1 el pr\u00f3ximo 12 de septiembre, de 4:00 de la tarde a 10:00 de la noche, en la Plaza de la Mujer, donde las familias podr\u00e1n recorrer los diferentes espacios, conocer propuestas comerciales y adquirir productos elaborados o distribuidos por emprendedores neolaredenses.<\/p>\n\n\n\n<p class=\"wp-block-paragraph\">El bazar busca convertirse en un punto de encuentro entre los negocios locales y la comunidad, aprovechando el marco de las celebraciones patrias para que los participantes den a conocer sus productos, ampl\u00eden su cartera de clientes y generen nuevas oportunidades de venta.<\/p>\n\n\n\n<p class=\"wp-block-paragraph\">La convocatoria est\u00e1 dirigida a emprendedores y comerciantes de Nuevo Laredo que deseen contar con un espacio para exhibir sus productos durante esta jornada, que tambi\u00e9n pretende resaltar el talento y la creatividad de quienes han decidido iniciar un negocio.<\/p>\n\n\n\n<p class=\"wp-block-paragraph\">El registro para participar como expositor estar\u00e1 disponible a partir del 1 de septiembre y podr\u00e1 realizarse en l\u00ednea mediante la convocatoria correspondiente.<\/p>\n\n\n\n<p class=\"wp-block-paragraph\">Registro al Bazar \u201cFiestas Patrias\u201d<\/p>\n\n\n\n<p class=\"wp-block-paragraph\">La administraci\u00f3n municipal, encabezada por la presidenta Carmen Lilia Canturosas Villarreal, mantiene este tipo de actividades como parte de las acciones encaminadas a brindar espacios de promoci\u00f3n a los negocios locales y fortalecer el emprendimiento.<\/p>\n\n\n\n<p class=\"wp-block-paragraph\">Adem\u00e1s de representar una alternativa de comercializaci\u00f3n, el bazar permitir\u00e1 a los emprendedores establecer contacto directo con potenciales clientes y aprovechar una fecha de alta convivencia familiar para posicionar sus productos.<\/p>\n\n\n\n<p class=\"wp-block-paragraph\">El Gobierno Municipal reiter\u00f3 su invitaci\u00f3n a los emprendedores neolaredenses para sumarse a esta actividad y aprovechar el espacio como una plataforma para mostrar el trabajo que realizan y continuar haciendo crecer sus proyectos.<\/p>\n","protected":false},"excerpt":{"rendered":"<p>Por: Luis Hern\u00e1ndez | #NuevoLaredo #Laredo #NLD #Tamaulipas Nuevo Laredo, Tamaulipas.\u2014 Con la intenci\u00f3n de impulsar el comercio local y ofrecer mayor exposici\u00f3n a los peque\u00f1os negocios de la ciudad, el Gobierno Municipal de Nuevo Laredo convoc\u00f3 a emprendedores y comerciantes a participar como expositores en el Bazar \u201cFiestas Patrias\u201d. La actividad se realizar\u00e1 el [&hellip;]<\/p>\n","protected":false},"author":1,"featured_media":20863,"comment_status":"open","ping_status":"open","sticky":false,"template":"","format":"standard","meta":{"footnotes":""},"categories":[31],"tags":[],"class_list":["post-20862","post","type-post","status-publish","format-standard","has-post-thumbnail","category-nuevo-laredo"],"amp_enabled":true,"_links":{"self":[{"href":"https:\/\/luisvaltierranoticias.com\/index.php?rest_route=\/wp\/v2\/posts\/20862","targetHints":{"allow":["GET"]}}],"collection":[{"href":"https:\/\/luisvaltierranoticias.com\/index.php?rest_route=\/wp\/v2\/posts"}],"about":[{"href":"https:\/\/luisvaltierranoticias.com\/index.php?rest_route=\/wp\/v2\/types\/post"}],"author":[{"embeddable":true,"href":"https:\/\/luisvaltierranoticias.com\/index.php?rest_route=\/wp\/v2\/users\/1"}],"replies":[{"embeddable":true,"href":"https:\/\/luisvaltierranoticias.com\/index.php?rest_route=%2Fwp%2Fv2%2Fcomments&post=20862"}],"version-history":[{"count":1,"href":"https:\/\/luisvaltierranoticias.com\/index.php?rest_route=\/wp\/v2\/posts\/20862\/revisions"}],"predecessor-version":[{"id":20864,"href":"https:\/\/luisvaltierranoticias.com\/index.php?rest_route=\/wp\/v2\/posts\/20862\/revisions\/20864"}],"wp:featuredmedia":[{"embeddable":true,"href":"https:\/\/luisvaltierranoticias.com\/index.php?rest_route=\/wp\/v2\/media\/20863"}],"wp:attachment":[{"href":"https:\/\/luisvaltierranoticias.com\/index.php?rest_route=%2Fwp%2Fv2%2Fmedia&parent=20862"}],"wp:term":[{"taxonomy":"category","embeddable":true,"href":"https:\/\/luisvaltierranoticias.com\/index.php?rest_route=%2Fwp%2Fv2%2Fcategories&post=20862"},{"taxonomy":"post_tag","embeddable":true,"href":"https:\/\/luisvaltierranoticias.com\/index.php?rest_route=%2Fwp%2Fv2%2Ftags&post=20862"}],"curies":[{"name":"wp","href":"https:\/\/api.w.org\/{rel}","templated":true}]}}